{"id":43496,"date":"2025-01-07T06:18:30","date_gmt":"2025-01-07T05:18:30","guid":{"rendered":"https:\/\/sola-poljane.splet.arnes.si\/?p=43496"},"modified":"2025-01-08T20:23:15","modified_gmt":"2025-01-08T19:23:15","slug":"tretjesolci-v-soli-v-naravi-csod-cebelica","status":"publish","type":"post","link":"https:\/\/sola-poljane.splet.arnes.si\/?p=43496","title":{"rendered":"Tretje\u0161olci v \u0161oli v naravi \u2013 C\u0160OD \u010cebelica"},"content":{"rendered":"<p><span style=\"color: #0000ff\"><strong>PRVI DAN<\/strong><\/span><br \/>\n<span style=\"color: #0000ff\"><strong>ponedeljek, 6. januar<\/strong><\/span><\/p>\n<p style=\"text-align: justify\">U\u010denci tretjih razredov se po dolgih po\u010ditnicah danes niso vrnili v \u0161olske klopi, temve\u010d so se z avtobusom odpeljali v C\u0160OD \u010cebelica, kjer bodo prve tri delovne dni v letu pre\u017eiveli v nekoliko druga\u010dni \u0161oli \u2013 \u0161oli v naravi.<br \/>\nKo smo prispeli v Dolenjo vas pri \u010cate\u017eu, smo si takoj privo\u0161\u010dili malico, nato pa se razporedili po sobah, kjer so u\u010denci razpakirali in ob pomo\u010di u\u010diteljic oblekli posteljnino. Sledilo je okusno kosilo, ki so si ga u\u010denci postregli sami.<br \/>\nPo po\u010ditku in \u010dasu za dru\u017eabne igre so sledile usmerjene dejavnosti. U\u010denci so se razdelili v tri skupine, v katerih so spoznali razli\u010dne dejavnosti na temo orientacije, vremenoslovja in varovanja okolja. Jutri se bodo skupine zamenjale, tako da bodo vsi dele\u017eni vseh dejavnosti.<br \/>\nVreme nam je danes dobro slu\u017eilo, zato smo se po ve\u010derji odpravili \u0161e na no\u010dni pohod z lu\u010dkami.<\/p>\n<p style=\"text-align: justify\">Prijetno utrujeni ter polni prvih vtisov smo zve\u010der prisluhnili \u0161e pravljici, potem pa se prepustili zaslu\u017eenemu po\u010ditku.<\/p>\n<p><em><strong>Barbara Dolenec<\/strong><\/em><\/p>\n<p>&nbsp;<\/p>\nngg_shortcode_0_placeholder\n<p>&nbsp;<\/p>\n<p><span style=\"color: #0000ff\"><strong>DRUGI DAN<br \/>\n<\/strong><\/span><span style=\"color: #0000ff\"><strong>torek, 7. januar<\/strong><\/span><\/p>\n<p style=\"text-align: justify\">Prebujati smo se za\u010deli v de\u017eevno jutro, ki pa se je kmalu spremenilo v \u010dudovito toplo in celo son\u010dno dopoldne.<br \/>\nKo so u\u010denci vstali in se uredili, jim je u\u010diteljica v domu pregledala in ocenila urejenost sob.<br \/>\nPo okusnem, malo druga\u010dnem tradicionalnem slovenskem zajtrku so od\u0161li na nove dejavnosti.<br \/>\n\u017de nekoliko utrujeni, a polni novih spoznanj so pri\u0161li na kosilo, temu pa je sledil po\u010ditek ter \u010das za pogovor in dru\u017eabne igre.<br \/>\nPopoldne so spet sledile zanimive dejavnosti: nekateri u\u010denci so se preizkusili v streljanju z lokom, drugi so se orientirali v lovu na lisico, tretja skupina pa si je ob preprostem zemljevidu \u010cate\u017ea ogledala omenjeni kraj in se sku\u0161ala v njem orientirati.<br \/>\nU\u010denci so se danes zelo potrudili in napisali razglednico, ki bo njihove doma\u010de razveselila v prihodnjih dneh, ko jo bo dostavil po\u0161tar.<br \/>\nPo ve\u010derji pa je sledil \u0161e te\u017eko pri\u010dakovani zaklju\u010dni zabavni ve\u010der! U\u010denci so se najprej pomerili v zabavnem kvizu, kjer so v skupinah odgovarjali na zanimiva, a kar te\u017eka vpra\u0161anja, ki so se nana\u0161ala predvsem na \u017eivali, nato pa so se razmigali \u0161e ob zabavni igri <em>Peter re\u010de<\/em>.<\/p>\n<p style=\"text-align: justify\">Dan je minil hitro, saj se nam je dogajalo mnogo stvari. Po umivanju smo prisluhnili \u0161e pravljici, nato pa se prepustili te\u017eko pri\u010dakovanemu po\u010ditku, ki smo si ga po aktivnem dnevu, polnem do\u017eivetij, tudi zaslu\u017eili.<\/p>\n<p><strong><em>Barbara Dolenec<\/em><\/strong><\/p>\n<p>&nbsp;<\/p>\nngg_shortcode_1_placeholder\n<p>&nbsp;<\/p>\n<p><span style=\"color: #0000ff\"><strong>TRETJI DAN<br \/>\n<\/strong><\/span><span style=\"color: #0000ff\"><strong>sreda, 8. januar<\/strong><\/span><\/p>\n<p style=\"text-align: justify\">Pa je pri\u0161el \u017ee na\u0161 zadnji dan v \u0161oli v naravi! U\u010denci so po prijetni budnici z ma\u010dkom Murijem in po natan\u010dnih navodilih u\u010diteljev spakirali svoje stvari ter po\u010dakali, da so njihove sobe \u0161e zadnji\u010d ocenili.<\/p>\n<p style=\"text-align: justify\">Po zajtrku so se preizkusili v lovu na lisico in lokostrelstvu ter prisluhnili zanimivi u\u010dni uri iz orientacije, potem pa pridobljeno znanje \u0161e prakti\u010dno preizkusili zunaj.<\/p>\n<p style=\"text-align: justify\">Sledilo je \u0161e zadnje okusno kosilo, nato pa podelitev nagrad najuspe\u0161nej\u0161im skupinam pri lovu na lisico ter tistim, ki so poskrbeli za najbolj urejeno sobo.<\/p>\n<p style=\"text-align: justify\">Ob odhodu smo se strinjali, da smo se v \u0161oli v naravi imeli zelo lepo, saj so prav vsi zaposleni v domu \u010cebelica skrbeli za prijetno vzdu\u0161je, njihovi u\u010ditelji pa tudi za veliko novo pridobljenega znanja, ki bo u\u010dencem pri\u0161lo \u0161e kako prav.<\/p>\n<p style=\"text-align: justify\"><strong>Kaj pa je tisto, kar se je u\u010dencem najbolj vtisnilo v spomin?<\/strong><\/p>\n<ul>\n<li style=\"text-align: justify\"><em>Lokostrelstvo, ker je zelo zabavno.<\/em> (Sara, Maja, Tina, Rebeka, Ur\u0161ka)<\/li>\n<li style=\"text-align: justify\"><em>Da smo spali skupaj s so\u0161olci.<\/em> (Patrik, Izak, Ro\u017ele, Matic, Lan in Tim)<\/li>\n<li style=\"text-align: justify\"><em>Kuharice, ki zelo dobro kuhajo.<\/em> (Cene, Marcel, Tine, Aleks, Tine, Nejc, Filip in Lenart)<\/li>\n<li style=\"text-align: justify\"><em>Lov na lisico in streljanje z lokom.<\/em> (Hana, Patricija in 4x Zala\ud83d\ude0a)<\/li>\n<\/ul>\n<p><em><strong>Barbara Dolenec<\/strong><\/em><\/p>\n<p>&nbsp;<\/p>\nngg_shortcode_2_placeholder\n","protected":false},"excerpt":{"rendered":"<p>PRVI DAN ponedeljek, 6. januar U\u010denci tretjih razredov se po [&hellip;]<\/p>\n","protected":false},"author":56163,"featured_media":43589,"comment_status":"closed","ping_status":"open","sticky":false,"template":"","format":"standard","meta":{"ngg_post_thumbnail":0,"footnotes":""},"categories":[7,55],"tags":[],"class_list":["post-43496","post","type-post","status-publish","format-standard","has-post-thumbnail","hentry","category-dnevi-dejavnosti","category-dogajanje"],"_links":{"self":[{"href":"https:\/\/sola-poljane.splet.arnes.si\/index.php?rest_route=\/wp\/v2\/posts\/43496","targetHints":{"allow":["GET"]}}],"collection":[{"href":"https:\/\/sola-poljane.splet.arnes.si\/index.php?rest_route=\/wp\/v2\/posts"}],"about":[{"href":"https:\/\/sola-poljane.splet.arnes.si\/index.php?rest_route=\/wp\/v2\/types\/post"}],"author":[{"embeddable":true,"href":"https:\/\/sola-poljane.splet.arnes.si\/index.php?rest_route=\/wp\/v2\/users\/56163"}],"replies":[{"embeddable":true,"href":"https:\/\/sola-poljane.splet.arnes.si\/index.php?rest_route=%2Fwp%2Fv2%2Fcomments&post=43496"}],"version-history":[{"count":12,"href":"https:\/\/sola-poljane.splet.arnes.si\/index.php?rest_route=\/wp\/v2\/posts\/43496\/revisions"}],"predecessor-version":[{"id":43757,"href":"https:\/\/sola-poljane.splet.arnes.si\/index.php?rest_route=\/wp\/v2\/posts\/43496\/revisions\/43757"}],"wp:featuredmedia":[{"embeddable":true,"href":"https:\/\/sola-poljane.splet.arnes.si\/index.php?rest_route=\/wp\/v2\/media\/43589"}],"wp:attachment":[{"href":"https:\/\/sola-poljane.splet.arnes.si\/index.php?rest_route=%2Fwp%2Fv2%2Fmedia&parent=43496"}],"wp:term":[{"taxonomy":"category","embeddable":true,"href":"https:\/\/sola-poljane.splet.arnes.si\/index.php?rest_route=%2Fwp%2Fv2%2Fcategories&post=43496"},{"taxonomy":"post_tag","embeddable":true,"href":"https:\/\/sola-poljane.splet.arnes.si\/index.php?rest_route=%2Fwp%2Fv2%2Ftags&post=43496"}],"curies":[{"name":"wp","href":"https:\/\/api.w.org\/{rel}","templated":true}]}}