{"id":42869,"date":"2024-11-27T21:20:01","date_gmt":"2024-11-27T20:20:01","guid":{"rendered":"https:\/\/sola-poljane.splet.arnes.si\/?p=42869"},"modified":"2024-12-17T20:37:24","modified_gmt":"2024-12-17T19:37:24","slug":"obisk-na-radiu-sora","status":"publish","type":"post","link":"https:\/\/sola-poljane.splet.arnes.si\/?p=42869","title":{"rendered":"Obisk na Radiu Sora"},"content":{"rendered":"<p style=\"text-align: justify\">Devet u\u010denk in en u\u010denec, ki v leto\u0161njem \u0161olskem letu obiskujejo <span style=\"color: #0000ff\">izbirni predmet \u0161olsko novinarstvo<\/span>, so obiskali <strong><span style=\"color: #0000ff\">Radio Sora<\/span><\/strong> v \u0160kofji Loki. Spoznali so nekaj \u010dlanov ekipe na\u0161e lokalne radijske postaje ter njihovo delo. Kaj po\u010dnejo urednik, moderator, radijski tehnik, poro\u010devalec, dopisnik; kako nastajajo oddaje in prispevki, kako poteka delo v \u017eivo; kaj vse je \u0161e potrebno, da radio sploh deluje; kako se je delo na radiu skozi \u010das spreminjalo; kaj pomeni spo\u0161tovanje avtorskih pravic &#8230;&nbsp;<br \/>\nVse to in \u0161e ve\u010d so se nau\u010dili \u0161olski novinarji. Med drugim so se v program oglasili tudi v \u017eivo in se preizkusili v studiu. Spoznali so, <span style=\"color: #0000ff\">da so lokalne radijske postaje pomemben del radijske mre\u017ee, saj v programu \u0161e posebej poudarjajo dogodke v lokalnem in regionalnem okolju<\/span>.<\/p>\n<p style=\"text-align: justify\"><em><strong>Bernarda Pintar<\/strong><\/em><a href=\"https:\/\/sola-poljane.splet.arnes.si\/files\/2024\/11\/Doseg-Radia-Sora.jpg\"><img loading=\"lazy\" decoding=\"async\" class=\"wp-image-42870 aligncenter\" src=\"https:\/\/sola-poljane.splet.arnes.si\/files\/2024\/11\/Doseg-Radia-Sora.jpg\" alt=\"\" width=\"529\" height=\"345\" srcset=\"https:\/\/sola-poljane.splet.arnes.si\/files\/2024\/11\/Doseg-Radia-Sora.jpg 880w, https:\/\/sola-poljane.splet.arnes.si\/files\/2024\/11\/Doseg-Radia-Sora-300x196.jpg 300w, https:\/\/sola-poljane.splet.arnes.si\/files\/2024\/11\/Doseg-Radia-Sora-768x501.jpg 768w, https:\/\/sola-poljane.splet.arnes.si\/files\/2024\/11\/Doseg-Radia-Sora-84x56.jpg 84w, https:\/\/sola-poljane.splet.arnes.si\/files\/2024\/11\/Doseg-Radia-Sora-624x407.jpg 624w\" sizes=\"auto, (max-width: 529px) 100vw, 529px\" \/><\/a><\/p>\n<p style=\"text-align: center\"><strong>Obmo\u010dje oddajanja Radia Sora<\/strong> (vir: posnetek zaslona <a href=\"https:\/\/www.radio-sora.si\/\">radio-sora.si<\/a>)<\/p>\n<p>&nbsp;<\/p>\nngg_shortcode_0_placeholder\n","protected":false},"excerpt":{"rendered":"<p>Devet u\u010denk in en u\u010denec, ki v leto\u0161njem \u0161olskem letu [&hellip;]<\/p>\n","protected":false},"author":56163,"featured_media":42900,"comment_status":"closed","ping_status":"open","sticky":false,"template":"","format":"standard","meta":{"ngg_post_thumbnail":0,"footnotes":""},"categories":[55,41,61],"tags":[],"class_list":["post-42869","post","type-post","status-publish","format-standard","has-post-thumbnail","hentry","category-dogajanje","category-izbirni-predmeti","category-unesco"],"_links":{"self":[{"href":"https:\/\/sola-poljane.splet.arnes.si\/index.php?rest_route=\/wp\/v2\/posts\/42869","targetHints":{"allow":["GET"]}}],"collection":[{"href":"https:\/\/sola-poljane.splet.arnes.si\/index.php?rest_route=\/wp\/v2\/posts"}],"about":[{"href":"https:\/\/sola-poljane.splet.arnes.si\/index.php?rest_route=\/wp\/v2\/types\/post"}],"author":[{"embeddable":true,"href":"https:\/\/sola-poljane.splet.arnes.si\/index.php?rest_route=\/wp\/v2\/users\/56163"}],"replies":[{"embeddable":true,"href":"https:\/\/sola-poljane.splet.arnes.si\/index.php?rest_route=%2Fwp%2Fv2%2Fcomments&post=42869"}],"version-history":[{"count":4,"href":"https:\/\/sola-poljane.splet.arnes.si\/index.php?rest_route=\/wp\/v2\/posts\/42869\/revisions"}],"predecessor-version":[{"id":42903,"href":"https:\/\/sola-poljane.splet.arnes.si\/index.php?rest_route=\/wp\/v2\/posts\/42869\/revisions\/42903"}],"wp:featuredmedia":[{"embeddable":true,"href":"https:\/\/sola-poljane.splet.arnes.si\/index.php?rest_route=\/wp\/v2\/media\/42900"}],"wp:attachment":[{"href":"https:\/\/sola-poljane.splet.arnes.si\/index.php?rest_route=%2Fwp%2Fv2%2Fmedia&parent=42869"}],"wp:term":[{"taxonomy":"category","embeddable":true,"href":"https:\/\/sola-poljane.splet.arnes.si\/index.php?rest_route=%2Fwp%2Fv2%2Fcategories&post=42869"},{"taxonomy":"post_tag","embeddable":true,"href":"https:\/\/sola-poljane.splet.arnes.si\/index.php?rest_route=%2Fwp%2Fv2%2Ftags&post=42869"}],"curies":[{"name":"wp","href":"https:\/\/api.w.org\/{rel}","templated":true}]}}