{"id":41611,"date":"2024-10-09T19:20:33","date_gmt":"2024-10-09T17:20:33","guid":{"rendered":"https:\/\/sola-poljane.splet.arnes.si\/?p=41611"},"modified":"2024-10-09T19:20:33","modified_gmt":"2024-10-09T17:20:33","slug":"duatlon-za-tretjesolce","status":"publish","type":"post","link":"https:\/\/sola-poljane.splet.arnes.si\/?p=41611","title":{"rendered":"Duatlon za tretje\u0161olce"},"content":{"rendered":"<p style=\"text-align: justify\">U\u010denci tretjih razredov so ob dnevu slovenskega \u0161porta in evropskem tednu mobilnosti sodelovali v prav posebni aktivnosti \u2013 <span style=\"color: #3366ff\"><strong>duatlonu<\/strong><\/span>. Preizkusili so se v kolesarjenju in teku. U\u010denci so ob uspe\u0161nem premagovanju poligona s kolesi in teku na 600 metrov u\u017eivali ter se razgibali na spro\u0161\u010den na\u010din. Skozi meglo je posijalo tudi nekaj son\u010dnih \u017earkov, ki so ob prejemu pohval za sodelovanje posijali na vesele obraze tretje\u0161olcev. Ve\u010d utrinkov pa si lahko ogledate na fotografijah.<\/p>\n<p style=\"text-align: justify\"><em><strong>Razredni\u010darki 3. a in 3. b<\/strong><\/em><\/p>\n<p>&nbsp;<\/p>\nngg_shortcode_0_placeholder\n","protected":false},"excerpt":{"rendered":"<p>U\u010denci tretjih razredov so ob dnevu slovenskega \u0161porta in evropskem [&hellip;]<\/p>\n","protected":false},"author":56163,"featured_media":41667,"comment_status":"closed","ping_status":"open","sticky":false,"template":"","format":"standard","meta":{"ngg_post_thumbnail":0,"footnotes":""},"categories":[7,55],"tags":[],"class_list":["post-41611","post","type-post","status-publish","format-standard","has-post-thumbnail","hentry","category-dnevi-dejavnosti","category-dogajanje"],"_links":{"self":[{"href":"https:\/\/sola-poljane.splet.arnes.si\/index.php?rest_route=\/wp\/v2\/posts\/41611","targetHints":{"allow":["GET"]}}],"collection":[{"href":"https:\/\/sola-poljane.splet.arnes.si\/index.php?rest_route=\/wp\/v2\/posts"}],"about":[{"href":"https:\/\/sola-poljane.splet.arnes.si\/index.php?rest_route=\/wp\/v2\/types\/post"}],"author":[{"embeddable":true,"href":"https:\/\/sola-poljane.splet.arnes.si\/index.php?rest_route=\/wp\/v2\/users\/56163"}],"replies":[{"embeddable":true,"href":"https:\/\/sola-poljane.splet.arnes.si\/index.php?rest_route=%2Fwp%2Fv2%2Fcomments&post=41611"}],"version-history":[{"count":3,"href":"https:\/\/sola-poljane.splet.arnes.si\/index.php?rest_route=\/wp\/v2\/posts\/41611\/revisions"}],"predecessor-version":[{"id":41666,"href":"https:\/\/sola-poljane.splet.arnes.si\/index.php?rest_route=\/wp\/v2\/posts\/41611\/revisions\/41666"}],"wp:featuredmedia":[{"embeddable":true,"href":"https:\/\/sola-poljane.splet.arnes.si\/index.php?rest_route=\/wp\/v2\/media\/41667"}],"wp:attachment":[{"href":"https:\/\/sola-poljane.splet.arnes.si\/index.php?rest_route=%2Fwp%2Fv2%2Fmedia&parent=41611"}],"wp:term":[{"taxonomy":"category","embeddable":true,"href":"https:\/\/sola-poljane.splet.arnes.si\/index.php?rest_route=%2Fwp%2Fv2%2Fcategories&post=41611"},{"taxonomy":"post_tag","embeddable":true,"href":"https:\/\/sola-poljane.splet.arnes.si\/index.php?rest_route=%2Fwp%2Fv2%2Ftags&post=41611"}],"curies":[{"name":"wp","href":"https:\/\/api.w.org\/{rel}","templated":true}]}}