{"id":41484,"date":"2024-09-30T21:00:11","date_gmt":"2024-09-30T19:00:11","guid":{"rendered":"https:\/\/sola-poljane.splet.arnes.si\/?p=41484"},"modified":"2024-09-30T21:00:11","modified_gmt":"2024-09-30T19:00:11","slug":"mednarodni-dan-ozavescanja-o-izgubah-hrane-in-odpadni-hrani-29-september","status":"publish","type":"post","link":"https:\/\/sola-poljane.splet.arnes.si\/?p=41484","title":{"rendered":"Mednarodni dan ozave\u0161\u010danja o izgubah hrane in odpadni hrani, 29. september"},"content":{"rendered":"<p style=\"text-align: justify\">Generalna skup\u0161\u010dina Zdru\u017eenih narodov je 29. september razglasila za mednarodni dan ozave\u0161\u010danja o izgubah hrane in odpadni hrani. Obele\u017eevanje tega dne je pomembno za ozave\u0161\u010danje o razse\u017enosti te\u017eave in morebitnih re\u0161itvah na vseh ravneh.<\/p>\n<p style=\"text-align: justify\">V Evropski uniji letno zavr\u017eemo ve\u010d kot 58 milijonov ton hrane, kar predstavlja enega najve\u010djih izzivov. Slovenija sicer izstopa kot dr\u017eava z najni\u017ejo koli\u010dino zavr\u017eene hrane na prebivalca \u2013 pribli\u017eno 68 kg na osebo \u2013 vendar pa kljub temu najve\u010dji dele\u017e te hrane, kar 52,61 %, nastane v gospodinjstvih. V Evropski uniji je ve\u010d kot 37 milijonov ljudi, ki si vsak drugi dan ne morejo privo\u0161\u010diti kakovostnega obroka. Statisti\u010dni podatki Eurostata ka\u017eejo, da poleg gospodinjstev k zavr\u017eeni hrani prispevajo tudi gostinske storitve (27,87 %), distribucija (10,1 %) in proizvodnja (9,37 %), medtem ko je v primarni produkciji, kot je kmetijstvo, dele\u017e zavr\u017eene hrane minimalen (0,05 %).<\/p>\n<p style=\"text-align: justify\">Zmanj\u0161anje koli\u010dine zavr\u017eene hrane lahko dose\u017eemo z enostavnimi ukrepi, kot je ustvarjalna uporaba ostankov obrokov, na\u010drtovanje obrokov vnaprej, nakupovanje zgolj potrebnih \u017eivil ter ustrezno shranjevanje hrane za ohranitev sve\u017eine. S tem ne le zmanj\u0161amo odpadke, ampak tudi prihranimo denar in prispevamo k trajnostnemu ravnanju s hrano.<\/p>\n<p><a href=\"https:\/\/sola-poljane.splet.arnes.si\/files\/2024\/09\/fw_int-day_2023_2-goals_sl-1200x675-1.png\"><img loading=\"lazy\" decoding=\"async\" class=\"wp-image-41487 aligncenter\" src=\"https:\/\/sola-poljane.splet.arnes.si\/files\/2024\/09\/fw_int-day_2023_2-goals_sl-1200x675-1.png\" alt=\"\" width=\"534\" height=\"301\" srcset=\"https:\/\/sola-poljane.splet.arnes.si\/files\/2024\/09\/fw_int-day_2023_2-goals_sl-1200x675-1.png 1200w, https:\/\/sola-poljane.splet.arnes.si\/files\/2024\/09\/fw_int-day_2023_2-goals_sl-1200x675-1-300x169.png 300w, https:\/\/sola-poljane.splet.arnes.si\/files\/2024\/09\/fw_int-day_2023_2-goals_sl-1200x675-1-1024x576.png 1024w, https:\/\/sola-poljane.splet.arnes.si\/files\/2024\/09\/fw_int-day_2023_2-goals_sl-1200x675-1-768x432.png 768w, https:\/\/sola-poljane.splet.arnes.si\/files\/2024\/09\/fw_int-day_2023_2-goals_sl-1200x675-1-98x55.png 98w, https:\/\/sola-poljane.splet.arnes.si\/files\/2024\/09\/fw_int-day_2023_2-goals_sl-1200x675-1-947x533.png 947w, https:\/\/sola-poljane.splet.arnes.si\/files\/2024\/09\/fw_int-day_2023_2-goals_sl-1200x675-1-624x351.png 624w\" sizes=\"auto, (max-width: 534px) 100vw, 534px\" \/><\/a><\/p>\n<p style=\"text-align: justify\">Ministrstvo za kmetijstvo, gozdarstvo in prehrano je letos aktivnosti ob mednarodnem dnevu podkrepilo z video zgodbo o letnem bojnem na\u010drtu slovenske dru\u017eine za zmanj\u0161evanje odpadne hrane. Video zgodbo Spo\u0161tuj hrano, spo\u0161tuj planet &#8211; zavrzi manj si lahko ogledate na spodnji povezavi:<\/p>\n<p style=\"text-align: justify\"><a href=\"https:\/\/www.youtube.com\/watch?v=CD76lMny_vM\">https:\/\/www.youtube.com\/watch?v=CD76lMny_vM<\/a><\/p>\n<p style=\"text-align: justify\">&nbsp;V okviru organizirane \u0161olske prehrane dajemo posebno pozornost odgovornemu odnosu do hrane.<\/p>\n<p style=\"text-align: justify\">\u0160ola ima pomembno vzgojno in izobra\u017eevalno vlogo pri razvijanju zavesti o zdravi prehrani, zdravih prehranjevalnih navadah, kulturi prehranjevanja in razvijanju odgovornega odnosa do hrane ter zmanj\u0161anju koli\u010din odpadne hrane.<\/p>\n<p style=\"text-align: justify\">Posvetimo nekaj trenutkov tej temi tudi doma in se z otroki pogovarjajmo o odgovornem odnosu do hrane. Pomembno je, da odrasli s svojimi besedami in zgledom, spodbudimo otroke k spremembam.<\/p>\n<p style=\"text-align: justify\">&nbsp;<\/p>\n<p style=\"text-align: justify\"><strong><em>Irena Tehovnik<\/em><\/strong><\/p>\n<p style=\"text-align: justify\">&nbsp;<\/p>\n<p>Povzeto po:<\/p>\n<ul>\n<li><a href=\"https:\/\/nijz.si\/zivljenjski-slog\/prehrana\/mednarodni-dan-ozavescanja-o-izgubah-hrane-in-odpadni-hrani\/\">https:\/\/nijz.si\/zivljenjski-slog\/prehrana\/mednarodni-dan-ozavescanja-o-izgubah-hrane-in-odpadni-hrani\/<\/a>, 29. 9. 2024<\/li>\n<li><a href=\"https:\/\/www.rtvslo.si\/slovenija\/zavrzene-hrane-vsako-leto-manj-a-kljub-temu-veliko-prevec\/722512\">https:\/\/www.rtvslo.si\/slovenija\/zavrzene-hrane-vsako-leto-manj-a-kljub-temu-veliko-prevec\/722512<\/a>, 29. 9. 2024<\/li>\n<li><a href=\"https:\/\/www.youtube.com\/watch?v=CD76lMny_vM\">https:\/\/www.youtube.com\/watch?v=CD76lMny_vM<\/a>, 29. 9. 2024<\/li>\n<\/ul>\n","protected":false},"excerpt":{"rendered":"<p>Generalna skup\u0161\u010dina Zdru\u017eenih narodov je 29. september razglasila za mednarodni [&hellip;]<\/p>\n","protected":false},"author":56163,"featured_media":41486,"comment_status":"closed","ping_status":"open","sticky":false,"template":"","format":"standard","meta":{"ngg_post_thumbnail":0,"footnotes":""},"categories":[55,63],"tags":[],"class_list":["post-41484","post","type-post","status-publish","format-standard","has-post-thumbnail","hentry","category-dogajanje","category-zdrava-sola"],"_links":{"self":[{"href":"https:\/\/sola-poljane.splet.arnes.si\/index.php?rest_route=\/wp\/v2\/posts\/41484","targetHints":{"allow":["GET"]}}],"collection":[{"href":"https:\/\/sola-poljane.splet.arnes.si\/index.php?rest_route=\/wp\/v2\/posts"}],"about":[{"href":"https:\/\/sola-poljane.splet.arnes.si\/index.php?rest_route=\/wp\/v2\/types\/post"}],"author":[{"embeddable":true,"href":"https:\/\/sola-poljane.splet.arnes.si\/index.php?rest_route=\/wp\/v2\/users\/56163"}],"replies":[{"embeddable":true,"href":"https:\/\/sola-poljane.splet.arnes.si\/index.php?rest_route=%2Fwp%2Fv2%2Fcomments&post=41484"}],"version-history":[{"count":2,"href":"https:\/\/sola-poljane.splet.arnes.si\/index.php?rest_route=\/wp\/v2\/posts\/41484\/revisions"}],"predecessor-version":[{"id":41488,"href":"https:\/\/sola-poljane.splet.arnes.si\/index.php?rest_route=\/wp\/v2\/posts\/41484\/revisions\/41488"}],"wp:featuredmedia":[{"embeddable":true,"href":"https:\/\/sola-poljane.splet.arnes.si\/index.php?rest_route=\/wp\/v2\/media\/41486"}],"wp:attachment":[{"href":"https:\/\/sola-poljane.splet.arnes.si\/index.php?rest_route=%2Fwp%2Fv2%2Fmedia&parent=41484"}],"wp:term":[{"taxonomy":"category","embeddable":true,"href":"https:\/\/sola-poljane.splet.arnes.si\/index.php?rest_route=%2Fwp%2Fv2%2Fcategories&post=41484"},{"taxonomy":"post_tag","embeddable":true,"href":"https:\/\/sola-poljane.splet.arnes.si\/index.php?rest_route=%2Fwp%2Fv2%2Ftags&post=41484"}],"curies":[{"name":"wp","href":"https:\/\/api.w.org\/{rel}","templated":true}]}}