{"id":41410,"date":"2024-09-24T18:35:22","date_gmt":"2024-09-24T16:35:22","guid":{"rendered":"https:\/\/sola-poljane.splet.arnes.si\/?p=41410"},"modified":"2024-09-24T18:35:22","modified_gmt":"2024-09-24T16:35:22","slug":"sportni-dan-na-dan-slovenskega-sporta-v-4-razredu","status":"publish","type":"post","link":"https:\/\/sola-poljane.splet.arnes.si\/?p=41410","title":{"rendered":"\u0160portni dan na dan slovenskega \u0161porta v 4. razredu"},"content":{"rendered":"<p style=\"text-align: justify\">Na dan slovenskega \u0161porta so se u\u010denci in u\u010denke 4. razredov odpravili na <span style=\"color: #008000\"><strong>pohod na Gabr\u0161ko goro<\/strong><\/span>. Po kratkem vzponu smo se dvignili nad meglo, kjer nas je nato ves \u010das spremljalo sonce in dobra volja, kar je \u0161portnemu dnevu dalo piko na i.<\/p>\n<p><strong><em>Polona Mareti\u010d<\/em><\/strong><\/p>\n<p>&nbsp;<\/p>\n<div id='gallery-1' class='gallery galleryid-41410 gallery-columns-4 gallery-size-thumbnail'><figure class='gallery-item'>\n\t\t\t<div class='gallery-icon landscape'>\n\t\t\t\t<a href='https:\/\/sola-poljane.splet.arnes.si\/?attachment_id=41413'><img loading=\"lazy\" decoding=\"async\" width=\"150\" height=\"150\" src=\"https:\/\/sola-poljane.splet.arnes.si\/files\/2024\/09\/20240923_091116-manjsa-150x150.jpg\" class=\"attachment-thumbnail size-thumbnail\" alt=\"\" srcset=\"https:\/\/sola-poljane.splet.arnes.si\/files\/2024\/09\/20240923_091116-manjsa-150x150.jpg 150w, https:\/\/sola-poljane.splet.arnes.si\/files\/2024\/09\/20240923_091116-manjsa-100x100.jpg 100w\" sizes=\"auto, (max-width: 150px) 100vw, 150px\" \/><\/a>\n\t\t\t<\/div><\/figure><figure class='gallery-item'>\n\t\t\t<div class='gallery-icon landscape'>\n\t\t\t\t<a href='https:\/\/sola-poljane.splet.arnes.si\/?attachment_id=41414'><img loading=\"lazy\" decoding=\"async\" width=\"150\" height=\"150\" src=\"https:\/\/sola-poljane.splet.arnes.si\/files\/2024\/09\/20240923_091631-manjsa-150x150.jpg\" class=\"attachment-thumbnail size-thumbnail\" alt=\"\" srcset=\"https:\/\/sola-poljane.splet.arnes.si\/files\/2024\/09\/20240923_091631-manjsa-150x150.jpg 150w, https:\/\/sola-poljane.splet.arnes.si\/files\/2024\/09\/20240923_091631-manjsa-100x100.jpg 100w\" sizes=\"auto, (max-width: 150px) 100vw, 150px\" \/><\/a>\n\t\t\t<\/div><\/figure><figure class='gallery-item'>\n\t\t\t<div class='gallery-icon landscape'>\n\t\t\t\t<a href='https:\/\/sola-poljane.splet.arnes.si\/?attachment_id=41416'><img loading=\"lazy\" decoding=\"async\" width=\"150\" height=\"150\" src=\"https:\/\/sola-poljane.splet.arnes.si\/files\/2024\/09\/20240923_121521-manjsa-150x150.jpg\" class=\"attachment-thumbnail size-thumbnail\" alt=\"\" srcset=\"https:\/\/sola-poljane.splet.arnes.si\/files\/2024\/09\/20240923_121521-manjsa-150x150.jpg 150w, https:\/\/sola-poljane.splet.arnes.si\/files\/2024\/09\/20240923_121521-manjsa-100x100.jpg 100w\" sizes=\"auto, (max-width: 150px) 100vw, 150px\" \/><\/a>\n\t\t\t<\/div><\/figure><figure class='gallery-item'>\n\t\t\t<div class='gallery-icon landscape'>\n\t\t\t\t<a href='https:\/\/sola-poljane.splet.arnes.si\/?attachment_id=41415'><img loading=\"lazy\" decoding=\"async\" width=\"150\" height=\"150\" src=\"https:\/\/sola-poljane.splet.arnes.si\/files\/2024\/09\/20240923_092634-manjsa-150x150.jpg\" class=\"attachment-thumbnail size-thumbnail\" alt=\"\" srcset=\"https:\/\/sola-poljane.splet.arnes.si\/files\/2024\/09\/20240923_092634-manjsa-150x150.jpg 150w, https:\/\/sola-poljane.splet.arnes.si\/files\/2024\/09\/20240923_092634-manjsa-100x100.jpg 100w\" sizes=\"auto, (max-width: 150px) 100vw, 150px\" \/><\/a>\n\t\t\t<\/div><\/figure>\n\t\t<\/div>\n\n<p>&nbsp;<\/p>\n<p>&nbsp;<\/p>\n","protected":false},"excerpt":{"rendered":"<p>Na dan slovenskega \u0161porta so se u\u010denci in u\u010denke 4. [&hellip;]<\/p>\n","protected":false},"author":56163,"featured_media":41417,"comment_status":"closed","ping_status":"open","sticky":false,"template":"","format":"standard","meta":{"ngg_post_thumbnail":0,"footnotes":""},"categories":[29,55],"tags":[],"class_list":["post-41410","post","type-post","status-publish","format-standard","has-post-thumbnail","hentry","category-dnevi-dejavnosti-3-triada","category-dogajanje"],"_links":{"self":[{"href":"https:\/\/sola-poljane.splet.arnes.si\/index.php?rest_route=\/wp\/v2\/posts\/41410","targetHints":{"allow":["GET"]}}],"collection":[{"href":"https:\/\/sola-poljane.splet.arnes.si\/index.php?rest_route=\/wp\/v2\/posts"}],"about":[{"href":"https:\/\/sola-poljane.splet.arnes.si\/index.php?rest_route=\/wp\/v2\/types\/post"}],"author":[{"embeddable":true,"href":"https:\/\/sola-poljane.splet.arnes.si\/index.php?rest_route=\/wp\/v2\/users\/56163"}],"replies":[{"embeddable":true,"href":"https:\/\/sola-poljane.splet.arnes.si\/index.php?rest_route=%2Fwp%2Fv2%2Fcomments&post=41410"}],"version-history":[{"count":3,"href":"https:\/\/sola-poljane.splet.arnes.si\/index.php?rest_route=\/wp\/v2\/posts\/41410\/revisions"}],"predecessor-version":[{"id":41418,"href":"https:\/\/sola-poljane.splet.arnes.si\/index.php?rest_route=\/wp\/v2\/posts\/41410\/revisions\/41418"}],"wp:featuredmedia":[{"embeddable":true,"href":"https:\/\/sola-poljane.splet.arnes.si\/index.php?rest_route=\/wp\/v2\/media\/41417"}],"wp:attachment":[{"href":"https:\/\/sola-poljane.splet.arnes.si\/index.php?rest_route=%2Fwp%2Fv2%2Fmedia&parent=41410"}],"wp:term":[{"taxonomy":"category","embeddable":true,"href":"https:\/\/sola-poljane.splet.arnes.si\/index.php?rest_route=%2Fwp%2Fv2%2Fcategories&post=41410"},{"taxonomy":"post_tag","embeddable":true,"href":"https:\/\/sola-poljane.splet.arnes.si\/index.php?rest_route=%2Fwp%2Fv2%2Ftags&post=41410"}],"curies":[{"name":"wp","href":"https:\/\/api.w.org\/{rel}","templated":true}]}}