{"id":40893,"date":"2024-09-03T05:20:13","date_gmt":"2024-09-03T03:20:13","guid":{"rendered":"https:\/\/sola-poljane.splet.arnes.si\/?p=40893"},"modified":"2024-09-07T07:15:27","modified_gmt":"2024-09-07T05:15:27","slug":"sola-v-naravi-na-debelem-rticu-za-petosolce","status":"publish","type":"post","link":"https:\/\/sola-poljane.splet.arnes.si\/?p=40893","title":{"rendered":"\u0160ola v naravi na Debelem Rti\u010du za peto\u0161olce"},"content":{"rendered":"<p style=\"text-align: left\">1.dan<\/p>\n<p>Prvi \u0161olski dan je bil za leto\u0161nje peto\u0161olce nekoliko druga\u010den, saj so namesto s \u0161olskimi torbami pri\u0161li v \u0161olo s potovalkami. V velikem pri\u010dakovanju smo se iz Poljan podali na pot proti Primorski. Prva postaja je bil ogled Luke Koper, nato smo se na poti do Debelega rti\u010da ustavili \u0161e na \u0161kolj\u010di\u0161\u010du. Ko smo pri\u0161li na Debeli rti\u010d, nas je \u017ee \u010dakalo kosilo, kateremu je sledila nastanitev in kraj\u0161i po\u010ditek. Zaradi razgretega ozra\u010dja smo \u017ee vsi te\u017eko \u010dakali plavanje. Prve ure u\u010denja plavanja so hitro minile. Tik pred no\u010djo smo se povzpeli nad zdravili\u0161\u010de, od koder smo opazovali Luko Koper in slovensko obalo. S pomo\u010djo lu\u010dk smo se varno vrnili v paviljon, kjer smo v dnevnike zapisali prve vtise dana\u0161njega dne in se pripravili na spanje v dru\u017ebi svojih so\u0161olcev.<\/p>\nngg_shortcode_0_placeholder\n<p style=\"text-align: center\">******<\/p>\n<p style=\"text-align: left\">2.dan<\/p>\n<p>Ob prvih son\u010dnih \u017earkih smo se razveselili jutranje rekreacije. Svoje la\u010dne \u017eelod\u010dke smo napolnili z okusnim zajtrkom in se tako podprli za dejavnosti, ki so sledile. Z vrtnarko smo se sprehodili skozi park zdravili\u0161\u010da in spoznavali rastline zna\u010dilne za Obsredozemske pokrajine. Preizkusili smo se tudi v vlogi detektiva in s \u010dutili re\u0161evali razli\u010dne naloge. Ure plavanja smo izvajali v notranjem in zunanjem bazenu, najbolj pa smo se zabavali ob plavanju v morju. Ena izmed skupin se je preizkusila v vo\u017enji s kajaki in se odli\u010dno izkazala. Po slastni ve\u010derji smo se ob son\u010dnem zahadu pomerili v odbojki na mivki in nogometu.<\/p>\nngg_shortcode_1_placeholder\n<p style=\"text-align: center\">******<\/p>\n<p>3.dan<\/p>\n<p>Zjutraj smo se prebudili v son\u010dno jutro, ki je napovedovalo, da bo tudi dana\u0161nji dan pester. \u017de pred zajtrkom smo za\u010deli s pripravami na izlet z ladjo. Z Debelega rti\u010da smo pluli do Pirana in z morja opazovali slovensko obalo ter nekatere tovorne ladje namenjene v Luko Koper. V Piranu smo se sprehodili \u010dez Tartinijev trg, mimo Bene\u010danke in se povzpeli nad mesto do cerkve sv. Jurija, od koder smo opazovali hi\u0161e in ozke ulice Pirana ter nekatera naselja ob Jadranskem morju. Po popoldanskih u\u010dnih dejavnostih je sledilo u\u010denje plavanja, vo\u017enja s kajaki, dru\u017eenje s prijatelji. Ve\u010der je bil nogometno obarvan. Tik pod paviljonom, v katerem smo nastanjeni, se je na \u010disto pravi nogometni zelenici odvijala prijateljska tekma med O\u0160 Poljane in O\u0160 prof. dr. Josipa Plemlja Bled. Po dramati\u010dnem zaklju\u010dku \u2013 enajstmetrovkah so zmagali u\u010denci gostujo\u010de \u0161ole. Z veliko mero adrenalina smo zaklju\u010dili \u017ee tretji dan na\u0161ega bivanja na Debelem rti\u010du.<\/p>\nngg_shortcode_2_placeholder\n<p style=\"text-align: center\">******<\/p>\n<p>4.dan<\/p>\n<p>Dan smo za\u010deli z jutranjo telovadbo, ki nas je prebudila in pripravila na nove izzive. Po zajtrku smo se nekateri sprehodili z vrtnarko, ki nam je predstavila mediteranski park, poln zanimivih rastlin in di\u0161av. Drugi pa smo se prelevili v detektive narave. Sledilo je u\u010denje plavanja, kjer smo izbolj\u0161evali tehniko plavanja in osvajali delfin\u010dke. Tudi danes smo se vozili s kajaki, a je zaradi poslab\u0161anja vremena vo\u017enja zadnje skupine postala precej vznemirljiva. Popoldansko plavanje smo zaradi negotove vremenske napovedi izpeljali v notranjem bazenu. Pred zaklju\u010dnim ve\u010derom smo se zabavali \u0161e v igri \u0161pricanja z barvami. Ve\u010der je potekal v spro\u0161\u010denem in razigranem vzdu\u0161ju s plesom in glasbo.<\/p>\nngg_shortcode_3_placeholder\n<p style=\"text-align: center\">******<\/p>\n<p>5.dan<\/p>\n<p>Na\u0161 zadnji dan bivanja v \u0160VN se je za\u010del z \u017eivahnim pripravljanjem prtljage in pospravljanjem sob. Vsak je zlo\u017eil svoje stvari ter poskrbel, da so bile sobe urejene. Po zajtrku so sledile u\u010dne dejavnosti z u\u010diteljicami. Nato smo v notranjem bazenu izpopolnjevali tehnike plavanja, osvajali delfin\u010dke in u\u017eivali v spro\u0161\u010denem plavanju. Do kosila smo v na\u0161e dnevnike zapisali \u0161e nekaj vtisov. Z u\u010ditelji plavanja smo ponovili pomembne informacije o plavanju in varnosti v vodi. Tik pred odhodom nas je \u010dakala \u0161e podelitev priznanj za osvojeno znanje plavanja in razglasitev ocenjevanja urejenosti sob. Nasmehi na obrazih in ob\u010dutek ponosa so nas spremljali, ko smo prejemali zaslu\u017eene nagrade. Polnih nepozabnih vtisov smo odpravili do avtobusa, ki nas je popeljal nazaj v Poljane.<\/p>\nngg_shortcode_4_placeholder\n","protected":false},"excerpt":{"rendered":"<p>1.dan Prvi \u0161olski dan je bil za leto\u0161nje peto\u0161olce nekoliko [&hellip;]<\/p>\n","protected":false},"author":1973,"featured_media":41152,"comment_status":"closed","ping_status":"open","sticky":false,"template":"","format":"standard","meta":{"ngg_post_thumbnail":0,"footnotes":""},"categories":[35,55],"tags":[],"class_list":["post-40893","post","type-post","status-publish","format-standard","has-post-thumbnail","hentry","category-2-triletje","category-dogajanje"],"_links":{"self":[{"href":"https:\/\/sola-poljane.splet.arnes.si\/index.php?rest_route=\/wp\/v2\/posts\/40893","targetHints":{"allow":["GET"]}}],"collection":[{"href":"https:\/\/sola-poljane.splet.arnes.si\/index.php?rest_route=\/wp\/v2\/posts"}],"about":[{"href":"https:\/\/sola-poljane.splet.arnes.si\/index.php?rest_route=\/wp\/v2\/types\/post"}],"author":[{"embeddable":true,"href":"https:\/\/sola-poljane.splet.arnes.si\/index.php?rest_route=\/wp\/v2\/users\/1973"}],"replies":[{"embeddable":true,"href":"https:\/\/sola-poljane.splet.arnes.si\/index.php?rest_route=%2Fwp%2Fv2%2Fcomments&post=40893"}],"version-history":[{"count":10,"href":"https:\/\/sola-poljane.splet.arnes.si\/index.php?rest_route=\/wp\/v2\/posts\/40893\/revisions"}],"predecessor-version":[{"id":41182,"href":"https:\/\/sola-poljane.splet.arnes.si\/index.php?rest_route=\/wp\/v2\/posts\/40893\/revisions\/41182"}],"wp:featuredmedia":[{"embeddable":true,"href":"https:\/\/sola-poljane.splet.arnes.si\/index.php?rest_route=\/wp\/v2\/media\/41152"}],"wp:attachment":[{"href":"https:\/\/sola-poljane.splet.arnes.si\/index.php?rest_route=%2Fwp%2Fv2%2Fmedia&parent=40893"}],"wp:term":[{"taxonomy":"category","embeddable":true,"href":"https:\/\/sola-poljane.splet.arnes.si\/index.php?rest_route=%2Fwp%2Fv2%2Fcategories&post=40893"},{"taxonomy":"post_tag","embeddable":true,"href":"https:\/\/sola-poljane.splet.arnes.si\/index.php?rest_route=%2Fwp%2Fv2%2Ftags&post=40893"}],"curies":[{"name":"wp","href":"https:\/\/api.w.org\/{rel}","templated":true}]}}