{"id":39982,"date":"2024-06-06T20:17:43","date_gmt":"2024-06-06T18:17:43","guid":{"rendered":"https:\/\/sola-poljane.splet.arnes.si\/?p=39982"},"modified":"2024-06-06T20:17:43","modified_gmt":"2024-06-06T18:17:43","slug":"drzavno-tekmovanje-v-atletiki-finale-v-slovenski-bistrici","status":"publish","type":"post","link":"https:\/\/sola-poljane.splet.arnes.si\/?p=39982","title":{"rendered":"Dr\u017eavno tekmovanje v atletiki \u2013 finale v Slovenski Bistrici"},"content":{"rendered":"<p style=\"text-align: justify\">Leto\u0161nji finale dr\u017eavnega prvenstva v atletiki je potekal v Slovenski Bistrici. Ob ugodnih vremenskih razmerah, dobrih pogojih in ve\u010d kot 600 udele\u017eenih u\u010denk in u\u010dencev iz celotne Slovenije se je napovedoval uspe\u0161en dan.<br \/>\nNa\u0161a \u0161ola je imela na tekmovanju tri finaliste. Najvi\u0161je, <strong><span style=\"color: #3366ff\">5. mesto<\/span><\/strong>, je dosegla <strong><span style=\"color: #3366ff\">Ema Klemen\u010di\u010d<\/span><\/strong>, in sicer v teku na 60 metrov. Slab\u0161i \u0161tart ji je odnesel kolajno, s katero se je spogledovala po predtekmovanju, ko je dosegla 2. mesto. Ne glede na rezultat ji gredo vse \u010destitke za prikazane teke.<br \/>\nV nadaljevanju se je na odli\u010dno <strong><span style=\"color: #3366ff\">10. mesto<\/span><\/strong> zavihtela <strong><span style=\"color: #3366ff\">Ester Dem\u0161ar<\/span><\/strong> v teku na 300 metrov. V hudi konkurenci in enem najte\u017ejih tekov, je Ester odli\u010dno opravila svojo nalogo.<br \/>\n\u0160e tretji udele\u017eenec finala pa je bil <strong><span style=\"color: #3366ff\">An\u017ee Markovi\u010d<\/span><\/strong> v metu vortexa. Zasedel je <strong><span style=\"color: #3366ff\">15. mesto<\/span><\/strong>. Veseli dejstvo, da je ohranil dose\u017eek z regijskega tekmovanja, a so bili ostali tekmovalci v tej kategoriji enostavno premo\u010dni.<\/p>\n<p style=\"text-align: justify\">\u0160e enkrat vse \u010destitke vsem trem udele\u017eencem finala in se nadejamo podobnih rezultatov tudi v prihodnje.&nbsp;<\/p>\n<p>&nbsp;<\/p>\n<p><strong><em>Ale\u0161 Mrak<\/em><\/strong><\/p>\n<p>&nbsp;<\/p>\nngg_shortcode_0_placeholder\n","protected":false},"excerpt":{"rendered":"<p>Leto\u0161nji finale dr\u017eavnega prvenstva v atletiki je potekal v Slovenski [&hellip;]<\/p>\n","protected":false},"author":56163,"featured_media":40045,"comment_status":"closed","ping_status":"open","sticky":false,"template":"","format":"standard","meta":{"ngg_post_thumbnail":0,"footnotes":""},"categories":[55,59],"tags":[],"class_list":["post-39982","post","type-post","status-publish","format-standard","has-post-thumbnail","hentry","category-dogajanje","category-sportna-tekmovanja"],"_links":{"self":[{"href":"https:\/\/sola-poljane.splet.arnes.si\/index.php?rest_route=\/wp\/v2\/posts\/39982","targetHints":{"allow":["GET"]}}],"collection":[{"href":"https:\/\/sola-poljane.splet.arnes.si\/index.php?rest_route=\/wp\/v2\/posts"}],"about":[{"href":"https:\/\/sola-poljane.splet.arnes.si\/index.php?rest_route=\/wp\/v2\/types\/post"}],"author":[{"embeddable":true,"href":"https:\/\/sola-poljane.splet.arnes.si\/index.php?rest_route=\/wp\/v2\/users\/56163"}],"replies":[{"embeddable":true,"href":"https:\/\/sola-poljane.splet.arnes.si\/index.php?rest_route=%2Fwp%2Fv2%2Fcomments&post=39982"}],"version-history":[{"count":4,"href":"https:\/\/sola-poljane.splet.arnes.si\/index.php?rest_route=\/wp\/v2\/posts\/39982\/revisions"}],"predecessor-version":[{"id":40044,"href":"https:\/\/sola-poljane.splet.arnes.si\/index.php?rest_route=\/wp\/v2\/posts\/39982\/revisions\/40044"}],"wp:featuredmedia":[{"embeddable":true,"href":"https:\/\/sola-poljane.splet.arnes.si\/index.php?rest_route=\/wp\/v2\/media\/40045"}],"wp:attachment":[{"href":"https:\/\/sola-poljane.splet.arnes.si\/index.php?rest_route=%2Fwp%2Fv2%2Fmedia&parent=39982"}],"wp:term":[{"taxonomy":"category","embeddable":true,"href":"https:\/\/sola-poljane.splet.arnes.si\/index.php?rest_route=%2Fwp%2Fv2%2Fcategories&post=39982"},{"taxonomy":"post_tag","embeddable":true,"href":"https:\/\/sola-poljane.splet.arnes.si\/index.php?rest_route=%2Fwp%2Fv2%2Ftags&post=39982"}],"curies":[{"name":"wp","href":"https:\/\/api.w.org\/{rel}","templated":true}]}}