{"id":39871,"date":"2024-06-03T10:31:06","date_gmt":"2024-06-03T08:31:06","guid":{"rendered":"https:\/\/sola-poljane.splet.arnes.si\/?p=39871"},"modified":"2024-06-03T10:31:28","modified_gmt":"2024-06-03T08:31:28","slug":"atletika-regijsko-tekmovanje-radovljica","status":"publish","type":"post","link":"https:\/\/sola-poljane.splet.arnes.si\/?p=39871","title":{"rendered":"Atletika \u2013 regijsko tekmovanje, Radovljica"},"content":{"rendered":"<p style=\"text-align: justify\">V \u010detrtek, 30. 5. 2024, je v Radovljici potekalo <span style=\"color: #3366ff\"><strong>regijsko tekmovanje v atletiki<\/strong><\/span>. U\u010denke in u\u010denci na\u0161e \u0161ole so se odli\u010dno odrezali in pobrali kar nekaj kolajn, predvsem v kategoriji mlaj\u0161ih de\u010dkov in deklic.<\/p>\n<p style=\"text-align: justify\">V teku na 60 metrov je tako 1. mesto dosegla <span style=\"color: #3366ff\">Ema Kr\u017ei\u0161nik<\/span>, <span style=\"color: #3366ff\">Erika Dem\u0161ar<\/span> je zasedla odli\u010dno 5. mesto. V metu vortexa je bil zmagovalec <span style=\"color: #3366ff\">An\u017ee Markovi\u010d<\/span>.<\/p>\n<p style=\"text-align: justify\">V teku na 300 metrov je med mlaj\u0161imi u\u010denkami 2. mesto dosegla <span style=\"color: #3366ff\">Ester Dem\u0161ar<\/span>, na 15. mesto se je uvrstila <span style=\"color: #3366ff\">Izabela Strel<\/span>. Med u\u010denci je na 60 metrov 8. mesto osvojil <span style=\"color: #3366ff\">Matic Drnov\u0161ek<\/span>. V teku na 600 metrov pa je bil <span style=\"color: #3366ff\">Martin Pisk<\/span> na kon\u010dnem 11. mestu. Pri skoku v daljino je bil uspe\u0161en <span style=\"color: #3366ff\">Kri\u0161tof \u0160tefe<\/span>, in sicer je zasedel 10. mesto, a z nekoliko sre\u010de bi lahko bil veliko vi\u0161e.<\/p>\n<p style=\"text-align: justify\">Med starej\u0161imi u\u010denci in u\u010denkami je <span style=\"color: #3366ff\">Ne\u017ea Stanonik<\/span> v teku na 1000 metrov osvojila 9. mesto. <span style=\"color: #3366ff\">Izak Zver<\/span> je v teku na 300 metrov zasedel prav tako 9. mesto. <span style=\"color: #3366ff\">Nikola Treven<\/span> pa je v metu vortexa zasedel 13. mesto.<\/p>\n<p style=\"text-align: justify\">Kljub slab\u0161i napovedi in tehtanju, ali bo tokratna, prestavljena izvedba sploh mogo\u010da, se je na koncu izkazala za odli\u010dno. Vreme nam je slu\u017eilo med celotnim tekmovanjem in ni vplivalo na rezultate. Odli\u010dno lahko ocenim tudi za rezultatski del, saj se bomo tokrat spet zagotovo podali na dr\u017eavno tekmovanje \u2013 v kak\u0161nem \u0161tevilu, pa bomo izvedeli kmalu.<\/p>\n<p style=\"text-align: justify\"><strong>\u010cestitke vsem nastopajo\u010dim za dose\u017eene rezultate.<\/strong><\/p>\n<p style=\"text-align: justify\">&nbsp;<\/p>\n<p><strong><em>U\u010ditelj: Ale\u0161 Mrak&nbsp;<\/em><\/strong><\/p>\n<p>&nbsp;<\/p>\nngg_shortcode_0_placeholder\n","protected":false},"excerpt":{"rendered":"<p>V \u010detrtek, 30. 5. 2024, je v Radovljici potekalo regijsko [&hellip;]<\/p>\n","protected":false},"author":56163,"featured_media":39903,"comment_status":"closed","ping_status":"open","sticky":false,"template":"","format":"standard","meta":{"ngg_post_thumbnail":0,"footnotes":""},"categories":[55,59],"tags":[],"class_list":["post-39871","post","type-post","status-publish","format-standard","has-post-thumbnail","hentry","category-dogajanje","category-sportna-tekmovanja"],"_links":{"self":[{"href":"https:\/\/sola-poljane.splet.arnes.si\/index.php?rest_route=\/wp\/v2\/posts\/39871","targetHints":{"allow":["GET"]}}],"collection":[{"href":"https:\/\/sola-poljane.splet.arnes.si\/index.php?rest_route=\/wp\/v2\/posts"}],"about":[{"href":"https:\/\/sola-poljane.splet.arnes.si\/index.php?rest_route=\/wp\/v2\/types\/post"}],"author":[{"embeddable":true,"href":"https:\/\/sola-poljane.splet.arnes.si\/index.php?rest_route=\/wp\/v2\/users\/56163"}],"replies":[{"embeddable":true,"href":"https:\/\/sola-poljane.splet.arnes.si\/index.php?rest_route=%2Fwp%2Fv2%2Fcomments&post=39871"}],"version-history":[{"count":2,"href":"https:\/\/sola-poljane.splet.arnes.si\/index.php?rest_route=\/wp\/v2\/posts\/39871\/revisions"}],"predecessor-version":[{"id":39904,"href":"https:\/\/sola-poljane.splet.arnes.si\/index.php?rest_route=\/wp\/v2\/posts\/39871\/revisions\/39904"}],"wp:featuredmedia":[{"embeddable":true,"href":"https:\/\/sola-poljane.splet.arnes.si\/index.php?rest_route=\/wp\/v2\/media\/39903"}],"wp:attachment":[{"href":"https:\/\/sola-poljane.splet.arnes.si\/index.php?rest_route=%2Fwp%2Fv2%2Fmedia&parent=39871"}],"wp:term":[{"taxonomy":"category","embeddable":true,"href":"https:\/\/sola-poljane.splet.arnes.si\/index.php?rest_route=%2Fwp%2Fv2%2Fcategories&post=39871"},{"taxonomy":"post_tag","embeddable":true,"href":"https:\/\/sola-poljane.splet.arnes.si\/index.php?rest_route=%2Fwp%2Fv2%2Ftags&post=39871"}],"curies":[{"name":"wp","href":"https:\/\/api.w.org\/{rel}","templated":true}]}}