{"id":39320,"date":"2024-05-19T16:05:18","date_gmt":"2024-05-19T14:05:18","guid":{"rendered":"https:\/\/sola-poljane.splet.arnes.si\/?p=39320"},"modified":"2024-05-23T11:32:10","modified_gmt":"2024-05-23T09:32:10","slug":"zanimiv-in-pester-dan-odprtih-vrat-pgd-poljane-za-poljanske-solarje","status":"publish","type":"post","link":"https:\/\/sola-poljane.splet.arnes.si\/?p=39320","title":{"rendered":"Zanimiv in pester dan odprtih vrat PGD Poljane za poljanske \u0161olarje"},"content":{"rendered":"<p style=\"text-align: justify\"><em><strong>\u0160olska delovna sobota tokrat ni bila namenjena obi\u010dajnemu pouku. U\u010denke in u\u010denci so vse dopoldne pre\u017eiveli na dnevu odprtih vrat, ki ga je ob svoji 130-letnici pripravilo Prostovoljno gasilsko dru\u0161tvo Poljane.<\/strong><\/em><\/p>\n<p>&nbsp;<\/p>\n<p style=\"text-align: justify\"><em>Dana\u0161nji dan je bil zelo zanimiv. Po generacijah smo se menjavali na razli\u010dnih postajah v okolici \u0161ole. Obiskali so nas nekateri predstavniki civilne za\u0161\u010dite, slovenske vojske, gasilcev, policije, gorske re\u0161evalne slu\u017ebe, re\u0161evalcev, prve pomo\u010di in lastniki re\u0161evalnih psov. Predstavili so nam svoje delo. Pri gasilcih smo lahko splezali v gasilski tovornjak, pri slovenski vojski pa smo se lahko oblekli v njihova obla\u010dila. Fantje so bili zelo navdu\u0161eni nad pi\u0161tolami in pu\u0161kami brez nabojev, drugim pa je bila bolj v\u0161e\u010d postaja z re\u0161evalnimi psi. Na koncu predstavitev teh organizacij smo vsi veseli od\u0161li domov z nekaj pridobljenega znanja.<\/em><\/p>\n<p style=\"text-align: justify\"><strong><em>Klara Kr\u017ei\u0161nik in Lucija Koblar, 6. a<\/em><\/strong><\/p>\n<p>&nbsp;<\/p>\n<p style=\"text-align: justify\"><em>18. maja 2024 smo imeli delovno soboto. Ob 8:10 smo se zbrali na \u0161olskem igri\u0161\u010du in se razdelili po razredih. Z na\u0161im razredom smo si najprej ogledali postajo s policisti, kjer smo izvedeli, kaj policisti po\u010dnejo in kaj uporabljajo. Zatem smo od\u0161li do postaje s civilno za\u0161\u010dito, kjer smo prav tako izvedeli veliko zanimivosti. Nato smo si ogledali voja\u0161ko postajo, kasneje pa \u0161e gasilsko. Po malici smo od\u0161li do gorske re\u0161evalne slu\u017ebe. Potem smo imeli prvo pomo\u010d, kjer so nam prikazali, kako poteka o\u017eivljanje ljudi. Najbolj zanimiva postaja se nama je zdela postaja z re\u0161evalnimi psi, zatem pa smo izvedeli \u0161e nekaj o re\u0161evalcih in tako se je kon\u010dal zelo zanimiv dan.<\/em><\/p>\n<p><strong><em>Nadja Trobec in Manca Bo\u017ei\u010d, 7. b<\/em><\/strong><\/p>\n<p>&nbsp;<\/p>\n<p style=\"text-align: justify\"><em>Pre\u017eiveli smo zanimivo delovno soboto. V okolici \u0161ole so se predstavila razli\u010dna dru\u0161tva. Zdelo se nam je zelo dobro, saj so nam dru\u0161tva na vsaki izmed postaj podrobno opisali svojo opremo in svoje delo. Na stojnicah smo si lahko ogledali tudi njihovo opremo, ponekod pa jo celo preizkusili. Razkazali so nam tudi svoja vozila. Bilo nam je zelo v\u0161e\u010d.<\/em><\/p>\n<p style=\"text-align: justify\"><strong><em>Klara Jelov\u010dan, Bla\u017eka Jesenko in Nina Poto\u010dnik, 9. a<\/em><\/strong><\/p>\n<p>&nbsp;<\/p>\n<p style=\"text-align: justify\"><em>18. maja smo imeli delovno soboto na temo gasilcev in drugih re\u0161evalnih enot. Predstavili so se nam poljanski gasilci, ki praznujejo 130 let delovanja v Poljanah, nujna medicinska pomo\u010d iz \u0160kofje Loke, gorska re\u0161evalna slu\u017eba, civilna za\u0161\u010dita, ekipa prve pomo\u010di, ekupa re\u0161evalnih psov, slovenska vojska in policija.<\/em><\/p>\n<p><em>Pri vseh smo se nau\u010dili nekaj novega in zanimivega.<\/em><\/p>\n<p><strong><em>Jurij Stanonik, 8. b<\/em><\/strong><\/p>\n<p>&nbsp;<\/p>\nngg_shortcode_0_placeholder\nngg_shortcode_1_placeholder\n<p style=\"text-align: center\">\n<!-- iframe plugin v.5.2 wordpress.org\/plugins\/iframe\/ -->\n<iframe loading=\"lazy\" width=\"640\" height=\"360\" src=\"https:\/\/video.arnes.si\/embed\/6mt4t1vyxcp2\" frameborder=\"0\" webkitallowfullscreen mozallowfullscreen allowfullscreen scrolling=\"yes\" class=\"iframe-class\" name=\"ARNES\"><\/iframe>\n<\/p>\n","protected":false},"excerpt":{"rendered":"<p>\u0160olska delovna sobota tokrat ni bila namenjena obi\u010dajnemu pouku. U\u010denke [&hellip;]<\/p>\n","protected":false},"author":56163,"featured_media":39495,"comment_status":"closed","ping_status":"open","sticky":false,"template":"","format":"standard","meta":{"ngg_post_thumbnail":0,"footnotes":""},"categories":[7,29,15,55],"tags":[],"class_list":["post-39320","post","type-post","status-publish","format-standard","has-post-thumbnail","hentry","category-dnevi-dejavnosti","category-dnevi-dejavnosti-3-triada","category-dnevi-dejavnosti-2-triada","category-dogajanje"],"_links":{"self":[{"href":"https:\/\/sola-poljane.splet.arnes.si\/index.php?rest_route=\/wp\/v2\/posts\/39320","targetHints":{"allow":["GET"]}}],"collection":[{"href":"https:\/\/sola-poljane.splet.arnes.si\/index.php?rest_route=\/wp\/v2\/posts"}],"about":[{"href":"https:\/\/sola-poljane.splet.arnes.si\/index.php?rest_route=\/wp\/v2\/types\/post"}],"author":[{"embeddable":true,"href":"https:\/\/sola-poljane.splet.arnes.si\/index.php?rest_route=\/wp\/v2\/users\/56163"}],"replies":[{"embeddable":true,"href":"https:\/\/sola-poljane.splet.arnes.si\/index.php?rest_route=%2Fwp%2Fv2%2Fcomments&post=39320"}],"version-history":[{"count":8,"href":"https:\/\/sola-poljane.splet.arnes.si\/index.php?rest_route=\/wp\/v2\/posts\/39320\/revisions"}],"predecessor-version":[{"id":39718,"href":"https:\/\/sola-poljane.splet.arnes.si\/index.php?rest_route=\/wp\/v2\/posts\/39320\/revisions\/39718"}],"wp:featuredmedia":[{"embeddable":true,"href":"https:\/\/sola-poljane.splet.arnes.si\/index.php?rest_route=\/wp\/v2\/media\/39495"}],"wp:attachment":[{"href":"https:\/\/sola-poljane.splet.arnes.si\/index.php?rest_route=%2Fwp%2Fv2%2Fmedia&parent=39320"}],"wp:term":[{"taxonomy":"category","embeddable":true,"href":"https:\/\/sola-poljane.splet.arnes.si\/index.php?rest_route=%2Fwp%2Fv2%2Fcategories&post=39320"},{"taxonomy":"post_tag","embeddable":true,"href":"https:\/\/sola-poljane.splet.arnes.si\/index.php?rest_route=%2Fwp%2Fv2%2Ftags&post=39320"}],"curies":[{"name":"wp","href":"https:\/\/api.w.org\/{rel}","templated":true}]}}