{"id":39041,"date":"2024-05-07T06:34:09","date_gmt":"2024-05-07T04:34:09","guid":{"rendered":"https:\/\/sola-poljane.splet.arnes.si\/?p=39041"},"modified":"2024-05-07T06:34:50","modified_gmt":"2024-05-07T04:34:50","slug":"kulturni-dan-za-ucence-1-triletja","status":"publish","type":"post","link":"https:\/\/sola-poljane.splet.arnes.si\/?p=39041","title":{"rendered":"Kulturni dan za u\u010dence 1. triletja"},"content":{"rendered":"<p style=\"text-align: justify\">U\u010denci so uspe\u0161no zaklju\u010dili s pripovedovanjem knjig za bralno zna\u010dko. Na\u0161o \u0161olo je obiskal kantavtor <span style=\"color: #ff6600\"><strong>Toma\u017e Hostnik<\/strong><\/span>. S svojim nastopom je u\u010dence zelo nasmejal.<\/p>\n<p style=\"text-align: justify\">A prijetnih dogodkov \u0161e ni konec. V okviru kulturnega dne so se u\u010denci 1. triletja odpravili v <strong><span style=\"color: #ff6600\">\u0160ubi\u010devo hi\u0161o<\/span><\/strong>. Prisluhnili so kustosu in njegovemu vodenju po \u0160ubi\u010devi hi\u0161i. Sledila je \u0161e zanimiva delavnica risanja karikatur z <strong><span style=\"color: #ff6600\">Borisom Oblakom<\/span><\/strong>.<\/p>\n<p><em><strong>\u017diva Bogataj<\/strong><\/em><\/p>\n<p>&nbsp;<\/p>\n<h5 style=\"text-align: center\"><span style=\"color: #3366ff\"><strong>1. razred<\/strong><\/span><\/h5>\nngg_shortcode_0_placeholder\n<h5>&nbsp;<\/h5>\n<h5 style=\"text-align: center\"><span style=\"color: #3366ff\"><strong>2. razred<\/strong><\/span><\/h5>\nngg_shortcode_1_placeholder\n<h5 style=\"text-align: center\"><span style=\"color: #3366ff\"><strong>3. razred<\/strong><\/span><\/h5>\nngg_shortcode_2_placeholder\n","protected":false},"excerpt":{"rendered":"<p>U\u010denci so uspe\u0161no zaklju\u010dili s pripovedovanjem knjig za bralno zna\u010dko. [&hellip;]<\/p>\n","protected":false},"author":56163,"featured_media":39101,"comment_status":"closed","ping_status":"open","sticky":false,"template":"","format":"standard","meta":{"ngg_post_thumbnail":0,"footnotes":""},"categories":[7,55,61],"tags":[],"class_list":["post-39041","post","type-post","status-publish","format-standard","has-post-thumbnail","hentry","category-dnevi-dejavnosti","category-dogajanje","category-unesco"],"_links":{"self":[{"href":"https:\/\/sola-poljane.splet.arnes.si\/index.php?rest_route=\/wp\/v2\/posts\/39041","targetHints":{"allow":["GET"]}}],"collection":[{"href":"https:\/\/sola-poljane.splet.arnes.si\/index.php?rest_route=\/wp\/v2\/posts"}],"about":[{"href":"https:\/\/sola-poljane.splet.arnes.si\/index.php?rest_route=\/wp\/v2\/types\/post"}],"author":[{"embeddable":true,"href":"https:\/\/sola-poljane.splet.arnes.si\/index.php?rest_route=\/wp\/v2\/users\/56163"}],"replies":[{"embeddable":true,"href":"https:\/\/sola-poljane.splet.arnes.si\/index.php?rest_route=%2Fwp%2Fv2%2Fcomments&post=39041"}],"version-history":[{"count":5,"href":"https:\/\/sola-poljane.splet.arnes.si\/index.php?rest_route=\/wp\/v2\/posts\/39041\/revisions"}],"predecessor-version":[{"id":39102,"href":"https:\/\/sola-poljane.splet.arnes.si\/index.php?rest_route=\/wp\/v2\/posts\/39041\/revisions\/39102"}],"wp:featuredmedia":[{"embeddable":true,"href":"https:\/\/sola-poljane.splet.arnes.si\/index.php?rest_route=\/wp\/v2\/media\/39101"}],"wp:attachment":[{"href":"https:\/\/sola-poljane.splet.arnes.si\/index.php?rest_route=%2Fwp%2Fv2%2Fmedia&parent=39041"}],"wp:term":[{"taxonomy":"category","embeddable":true,"href":"https:\/\/sola-poljane.splet.arnes.si\/index.php?rest_route=%2Fwp%2Fv2%2Fcategories&post=39041"},{"taxonomy":"post_tag","embeddable":true,"href":"https:\/\/sola-poljane.splet.arnes.si\/index.php?rest_route=%2Fwp%2Fv2%2Ftags&post=39041"}],"curies":[{"name":"wp","href":"https:\/\/api.w.org\/{rel}","templated":true}]}}