{"id":38718,"date":"2024-04-18T18:06:39","date_gmt":"2024-04-18T16:06:39","guid":{"rendered":"https:\/\/sola-poljane.splet.arnes.si\/?p=38718"},"modified":"2024-04-18T18:09:35","modified_gmt":"2024-04-18T16:09:35","slug":"knjige-vsepovsod","status":"publish","type":"post","link":"https:\/\/sola-poljane.splet.arnes.si\/?p=38718","title":{"rendered":"Knjige vsepovsod"},"content":{"rendered":"<p>&nbsp;<\/p>\n<p style=\"text-align: justify\">V mesecu aprilu se \u017ee na za\u010detku spomnimo na <span style=\"color: #3366ff\">knjige in branje<\/span>, saj na dan, ko se je rodil <span style=\"color: #339966\">Hans Christian Andersen<\/span>, 2. aprila, &nbsp;praznujemo <span style=\"color: #993366\">MEDNARODNI DAN OTRO\u0160KIH KNJIG<\/span>, 23. aprila pa <span style=\"color: #993366\">SVETOVNI DAN KNJIGE IN AVTORSKIH PRAVIC<\/span>. U\u010denci v teh dneh pospe\u0161eno berejo za <span style=\"color: #339966\">BRALNO ZNA\u010cKO<\/span>, pri\u010dakujejo <span style=\"color: #339966\">NO\u010c KNJIGE<\/span>, u\u010denke knji\u017eni\u010darskega kro\u017eka pa so dneve v znamenju knjig izkoristile, da so brale <span style=\"color: #3366ff\">otrokom iz Vrtca Agata<\/span>. Izbirale so med zgodbami o pomladi ali o knjigah. Otroci so jim prisluhnili v \u0161olski knji\u017enici in tudi sami radi posegli po knjigah.<\/p>\n<p style=\"text-align: justify\"><strong><em>Ob 2. aprilu vsako leto druga nacionalna sekcija pripravi plakat in poslanico.<\/em><\/strong><\/p>\n<p>&nbsp;<\/p>\n<p style=\"text-align: center\"><span style=\"color: #0000ff\"><strong><em>Eiko Kadono:<\/em><\/strong><\/span><\/p>\n<p style=\"text-align: center\"><span style=\"color: #3366ff\"><em>Zgodbe sedejo na krila in potujejo.<br \/>\n<\/em><\/span><span style=\"color: #3366ff\"><em>\u017delijo si sli\u0161ati, kako ti vznemirjeno bije srce.<\/em><\/span><\/p>\n<p style=\"text-align: center\"><span style=\"color: #000000\"><em>&nbsp;<\/em><em>Sem zgodba, ki potuje. Priletim lahko kamorkoli.<br \/>\n<\/em><em>V\u010dasih sedem na krila vetra, spet drugi\u010d na krila valov.<br \/>\n<\/em><em>V\u010dasih pa na majhna krila peska. V\u010dasih sedem tudi na krila ptic selivk, seveda.<br \/>\n<\/em><em>Tudi na krila letal, seveda.<br \/>\n<\/em><em>In potem sem pri tebi, po\u010dasi odprem strani in ti povem zgodbo, ki si jo \u017eeli\u0161.<br \/>\n<\/em><em>Bi rad nenavadno zgodbo?<br \/>\n<\/em><em>Ali pa \u017ealostno, stra\u0161ljivo, zabavno?<br \/>\n<\/em><em>Ni\u010d hudega, \u010de si je zdaj ne \u017eeli\u0161 poslu\u0161ati. Enkrat si jo \u017ee bo\u0161.<br \/>\n<\/em><em>Takrat me pokli\u010di, prosim.<br \/>\n<\/em><em>\u00bbPotujo\u010da zgodba, pridi k meni, prosim,\u00ab bo\u0161 rekel.<br \/>\n<\/em><em>Takoj bom priletela.<br \/>\n<\/em><em>Imam tudi druge zgodbe.<br \/>\n<\/em><em>Na primer, zgodbo, kako se je neko\u010d oto\u010dek naveli\u010dal biti sam, se nau\u010dil plavati in si na\u0161el prijatelje \u2026<br \/>\n<\/em><em>Ali pa zgodbo o \u010dudni no\u010di, ko sta vz\u0161li dve luni \u2026<br \/>\n<\/em><em>Zgodbo o Bo\u017ei\u010dku, ki se je izgubil.<br \/>\n<\/em><em>Oh, zasli\u0161ala sem, kako ti bije srce.<br \/>\n<\/em><em>Tum tum, dum dum, todo todo, bam bam.<br \/>\n<\/em><em>Vate je priletela \u00bbpotujo\u010da zgodba\u00ab in udarila na zvon tvojega srca.<br \/>\n<\/em><em>Naslednji\u010d bo\u0161 gotovo to postal tudi ti in si za\u017eelel odleteti.<br \/>\n<\/em><em>In tako se bo v svet rodila nova potujo\u010da zgodba.<\/em><\/span><\/p>\n<p style=\"text-align: center\"><span style=\"color: #000000\"><em>&nbsp;<\/em>(Prevod: Iztok Ilc)<\/span><\/p>\n<p><strong><em>&nbsp; &nbsp; &nbsp; &nbsp; &nbsp; &nbsp;Majda Bernik<\/em><\/strong><\/p>\n<p>&nbsp;<\/p>\nngg_shortcode_0_placeholder\n<p><a href=\"https:\/\/sola-poljane.splet.arnes.si\/files\/2024\/04\/Branje-april_Knjige-vsepovsod_202402.jpg\"><img loading=\"lazy\" decoding=\"async\" class=\"size-full wp-image-38743 aligncenter\" src=\"https:\/\/sola-poljane.splet.arnes.si\/files\/2024\/04\/Branje-april_Knjige-vsepovsod_202402.jpg\" alt=\"\" width=\"425\" height=\"600\" srcset=\"https:\/\/sola-poljane.splet.arnes.si\/files\/2024\/04\/Branje-april_Knjige-vsepovsod_202402.jpg 425w, https:\/\/sola-poljane.splet.arnes.si\/files\/2024\/04\/Branje-april_Knjige-vsepovsod_202402-213x300.jpg 213w, https:\/\/sola-poljane.splet.arnes.si\/files\/2024\/04\/Branje-april_Knjige-vsepovsod_202402-39x55.jpg 39w\" sizes=\"auto, (max-width: 425px) 100vw, 425px\" \/><\/a><\/p>\n","protected":false},"excerpt":{"rendered":"<p>&nbsp; V mesecu aprilu se \u017ee na za\u010detku spomnimo na [&hellip;]<\/p>\n","protected":false},"author":56163,"featured_media":38742,"comment_status":"closed","ping_status":"open","sticky":false,"template":"","format":"standard","meta":{"ngg_post_thumbnail":0,"footnotes":""},"categories":[55,23,61],"tags":[],"class_list":["post-38718","post","type-post","status-publish","format-standard","has-post-thumbnail","hentry","category-dogajanje","category-ostale-kategorije","category-unesco"],"_links":{"self":[{"href":"https:\/\/sola-poljane.splet.arnes.si\/index.php?rest_route=\/wp\/v2\/posts\/38718","targetHints":{"allow":["GET"]}}],"collection":[{"href":"https:\/\/sola-poljane.splet.arnes.si\/index.php?rest_route=\/wp\/v2\/posts"}],"about":[{"href":"https:\/\/sola-poljane.splet.arnes.si\/index.php?rest_route=\/wp\/v2\/types\/post"}],"author":[{"embeddable":true,"href":"https:\/\/sola-poljane.splet.arnes.si\/index.php?rest_route=\/wp\/v2\/users\/56163"}],"replies":[{"embeddable":true,"href":"https:\/\/sola-poljane.splet.arnes.si\/index.php?rest_route=%2Fwp%2Fv2%2Fcomments&post=38718"}],"version-history":[{"count":9,"href":"https:\/\/sola-poljane.splet.arnes.si\/index.php?rest_route=\/wp\/v2\/posts\/38718\/revisions"}],"predecessor-version":[{"id":38749,"href":"https:\/\/sola-poljane.splet.arnes.si\/index.php?rest_route=\/wp\/v2\/posts\/38718\/revisions\/38749"}],"wp:featuredmedia":[{"embeddable":true,"href":"https:\/\/sola-poljane.splet.arnes.si\/index.php?rest_route=\/wp\/v2\/media\/38742"}],"wp:attachment":[{"href":"https:\/\/sola-poljane.splet.arnes.si\/index.php?rest_route=%2Fwp%2Fv2%2Fmedia&parent=38718"}],"wp:term":[{"taxonomy":"category","embeddable":true,"href":"https:\/\/sola-poljane.splet.arnes.si\/index.php?rest_route=%2Fwp%2Fv2%2Fcategories&post=38718"},{"taxonomy":"post_tag","embeddable":true,"href":"https:\/\/sola-poljane.splet.arnes.si\/index.php?rest_route=%2Fwp%2Fv2%2Ftags&post=38718"}],"curies":[{"name":"wp","href":"https:\/\/api.w.org\/{rel}","templated":true}]}}