{"id":38519,"date":"2024-03-28T12:11:41","date_gmt":"2024-03-28T11:11:41","guid":{"rendered":"https:\/\/sola-poljane.splet.arnes.si\/?p=38519"},"modified":"2024-03-28T12:11:41","modified_gmt":"2024-03-28T11:11:41","slug":"tom-telefon-promocijski-video-v-stiski-nismo-sami","status":"publish","type":"post","link":"https:\/\/sola-poljane.splet.arnes.si\/?p=38519","title":{"rendered":"TOM telefon\u00ae promocijski video \u00bbV stiski nismo sami\u00ab"},"content":{"rendered":"<p><a href=\"https:\/\/www.google.com\/search?client=firefox-b-d&amp;q=%40Tomtelefon#ip=1\" target=\"_blank\" rel=\"noopener\">@Tomtelefon<\/a><\/p>\n<p>Dragi u\u010denci, drage u\u010denke,<\/p>\n<p>kadar smo v stiski in notranja ob\u010dutja postanejo <span style=\"color: #ff0000\"><strong>prete\u017eka<\/strong><\/span>, <span style=\"color: #0000ff\">ni potrebno, da z njimi ostajamo sami<\/span>. Vsako na prvi<br \/>\npogled \u0161e tako nere\u0161ljivo in te\u017eko situacijo lahko za\u010dnemo re\u0161evati tako, da se najprej nekomu <span style=\"color: #008000\">zaupamo in<\/span><br \/>\n<span style=\"color: #008000\">pogovorimo<\/span>, kajti prav <span style=\"color: #0000ff\">vsi<\/span> ljudje potrebujemo pogovor. Kadar smo negotovi, \u017ealostni, jezni, razo\u010darani, nam<br \/>\npogovor lahko pomaga, da se po\u010dutimo la\u017eje, se razbremenimo in dobimo ob\u010dutek, da v stiki nismo sami.<br \/>\n\u010ce imate ob\u010dutek, da svoje stiske ne zmorete zaupati nikomur, so vedno na voljo svetovalke in svetovalci TOM<br \/>\ntelefona. Tukaj bo vedno nekdo, ki se bo prijazno odzval, prisluhnil, razumel, spodbujal in skupaj z vami poiskal<br \/>\nmo\u017ene re\u0161itve.<br \/>\nTOM telefon vas vabi k ogledu videa. Odgovor je pogovor.\u00ae<\/p>\n<p>Povezava do videa: <a href=\"https:\/\/youtu.be\/ei2yWJmvziY\" target=\"_blank\" rel=\"noopener\">https:\/\/youtu.be\/ei2yWJmvziY<\/a><br \/>\nVideo je nastal v okviru projekta Center za varnej\u0161i internet v sodelovanju s socialnim marketingom Iz principa.<\/p>\n","protected":false},"excerpt":{"rendered":"<p>@Tomtelefon Dragi u\u010denci, drage u\u010denke, kadar smo v stiski in [&hellip;]<\/p>\n","protected":false},"author":54103,"featured_media":38521,"comment_status":"closed","ping_status":"open","sticky":false,"template":"","format":"standard","meta":{"ngg_post_thumbnail":0,"footnotes":""},"categories":[5],"tags":[],"class_list":["post-38519","post","type-post","status-publish","format-standard","has-post-thumbnail","hentry","category-aktualno"],"_links":{"self":[{"href":"https:\/\/sola-poljane.splet.arnes.si\/index.php?rest_route=\/wp\/v2\/posts\/38519","targetHints":{"allow":["GET"]}}],"collection":[{"href":"https:\/\/sola-poljane.splet.arnes.si\/index.php?rest_route=\/wp\/v2\/posts"}],"about":[{"href":"https:\/\/sola-poljane.splet.arnes.si\/index.php?rest_route=\/wp\/v2\/types\/post"}],"author":[{"embeddable":true,"href":"https:\/\/sola-poljane.splet.arnes.si\/index.php?rest_route=\/wp\/v2\/users\/54103"}],"replies":[{"embeddable":true,"href":"https:\/\/sola-poljane.splet.arnes.si\/index.php?rest_route=%2Fwp%2Fv2%2Fcomments&post=38519"}],"version-history":[{"count":1,"href":"https:\/\/sola-poljane.splet.arnes.si\/index.php?rest_route=\/wp\/v2\/posts\/38519\/revisions"}],"predecessor-version":[{"id":38520,"href":"https:\/\/sola-poljane.splet.arnes.si\/index.php?rest_route=\/wp\/v2\/posts\/38519\/revisions\/38520"}],"wp:featuredmedia":[{"embeddable":true,"href":"https:\/\/sola-poljane.splet.arnes.si\/index.php?rest_route=\/wp\/v2\/media\/38521"}],"wp:attachment":[{"href":"https:\/\/sola-poljane.splet.arnes.si\/index.php?rest_route=%2Fwp%2Fv2%2Fmedia&parent=38519"}],"wp:term":[{"taxonomy":"category","embeddable":true,"href":"https:\/\/sola-poljane.splet.arnes.si\/index.php?rest_route=%2Fwp%2Fv2%2Fcategories&post=38519"},{"taxonomy":"post_tag","embeddable":true,"href":"https:\/\/sola-poljane.splet.arnes.si\/index.php?rest_route=%2Fwp%2Fv2%2Ftags&post=38519"}],"curies":[{"name":"wp","href":"https:\/\/api.w.org\/{rel}","templated":true}]}}