{"id":37263,"date":"2024-02-07T20:08:35","date_gmt":"2024-02-07T19:08:35","guid":{"rendered":"https:\/\/sola-poljane.splet.arnes.si\/?p=37263"},"modified":"2024-02-09T07:11:00","modified_gmt":"2024-02-09T06:11:00","slug":"osmosolci-pripravili-lepo-prireditev-ob-slovenskem-kulturnem-prazniku","status":"publish","type":"post","link":"https:\/\/sola-poljane.splet.arnes.si\/?p=37263","title":{"rendered":"Osmo\u0161olci pripravili lepo prireditev ob slovenskem kulturnem prazniku"},"content":{"rendered":"<p style=\"text-align: justify\">S kulturno prireditvijo dan pred slovenskim kulturnim praznikom smo se na najlep\u0161i na\u010din poklonili pesniku, ki se mu lahko zahvalimo za to, da imamo na\u0161o kulturo radi in jo praznujemo tudi kot dr\u017eavni praznik \u2013 <span style=\"color: #008000\"><strong>Francetu Pre\u0161ernu<\/strong><\/span>. Na\u0161i osmo\u0161olci so nas z besedami, igro, plesom in glasbo popeljali v <span style=\"color: #008000\">pesnikovo \u017eivljenje, v domi\u0161ljijski svet prevzetne lepotice in povodnega mo\u017ea ter v Pre\u0161ernovo rojstno vas<\/span>.<\/p>\n<p style=\"text-align: justify\"><strong>Naj vam bosta ustvarjalnost in umetni\u0161ko izra\u017eanje u\u010denk in u\u010dencev obeh osmih razredov v navdih ne le ob jutri\u0161njem kulturnem prazniku, temve\u010d vse dni. Kultura je nezamenljivi del kakovosti na\u0161ih \u017eivljenj in temelj obstoja vsakega naroda. Kultura je tudi vse, kar ljudje negujemo v svojem okolju, navadah in medsebojnih odnosih.<\/strong><\/p>\n<p style=\"text-align: justify\">&nbsp;<\/p>\n<div id='gallery-1' class='gallery galleryid-37263 gallery-columns-3 gallery-size-full'><figure class='gallery-item'>\n\t\t\t<div class='gallery-icon landscape'>\n\t\t\t\t<a href='https:\/\/sola-poljane.splet.arnes.si\/files\/2024\/02\/Kulturna-prireditev_202401.jpg'><img loading=\"lazy\" decoding=\"async\" width=\"800\" height=\"600\" src=\"https:\/\/sola-poljane.splet.arnes.si\/files\/2024\/02\/Kulturna-prireditev_202401.jpg\" class=\"attachment-full size-full\" alt=\"\" srcset=\"https:\/\/sola-poljane.splet.arnes.si\/files\/2024\/02\/Kulturna-prireditev_202401.jpg 800w, https:\/\/sola-poljane.splet.arnes.si\/files\/2024\/02\/Kulturna-prireditev_202401-300x225.jpg 300w, https:\/\/sola-poljane.splet.arnes.si\/files\/2024\/02\/Kulturna-prireditev_202401-768x576.jpg 768w, https:\/\/sola-poljane.splet.arnes.si\/files\/2024\/02\/Kulturna-prireditev_202401-73x55.jpg 73w, https:\/\/sola-poljane.splet.arnes.si\/files\/2024\/02\/Kulturna-prireditev_202401-624x468.jpg 624w\" sizes=\"auto, (max-width: 800px) 100vw, 800px\" \/><\/a>\n\t\t\t<\/div><\/figure><figure class='gallery-item'>\n\t\t\t<div class='gallery-icon landscape'>\n\t\t\t\t<a href='https:\/\/sola-poljane.splet.arnes.si\/files\/2024\/02\/Kulturna-prireditev_202402.jpg'><img loading=\"lazy\" decoding=\"async\" width=\"800\" height=\"600\" src=\"https:\/\/sola-poljane.splet.arnes.si\/files\/2024\/02\/Kulturna-prireditev_202402.jpg\" class=\"attachment-full size-full\" alt=\"\" srcset=\"https:\/\/sola-poljane.splet.arnes.si\/files\/2024\/02\/Kulturna-prireditev_202402.jpg 800w, https:\/\/sola-poljane.splet.arnes.si\/files\/2024\/02\/Kulturna-prireditev_202402-300x225.jpg 300w, https:\/\/sola-poljane.splet.arnes.si\/files\/2024\/02\/Kulturna-prireditev_202402-768x576.jpg 768w, https:\/\/sola-poljane.splet.arnes.si\/files\/2024\/02\/Kulturna-prireditev_202402-73x55.jpg 73w, https:\/\/sola-poljane.splet.arnes.si\/files\/2024\/02\/Kulturna-prireditev_202402-624x468.jpg 624w\" sizes=\"auto, (max-width: 800px) 100vw, 800px\" \/><\/a>\n\t\t\t<\/div><\/figure><figure class='gallery-item'>\n\t\t\t<div class='gallery-icon landscape'>\n\t\t\t\t<a href='https:\/\/sola-poljane.splet.arnes.si\/files\/2024\/02\/Kulturna-prireditev_202404.jpg'><img loading=\"lazy\" decoding=\"async\" width=\"800\" height=\"600\" src=\"https:\/\/sola-poljane.splet.arnes.si\/files\/2024\/02\/Kulturna-prireditev_202404.jpg\" class=\"attachment-full size-full\" alt=\"\" srcset=\"https:\/\/sola-poljane.splet.arnes.si\/files\/2024\/02\/Kulturna-prireditev_202404.jpg 800w, https:\/\/sola-poljane.splet.arnes.si\/files\/2024\/02\/Kulturna-prireditev_202404-300x225.jpg 300w, https:\/\/sola-poljane.splet.arnes.si\/files\/2024\/02\/Kulturna-prireditev_202404-768x576.jpg 768w, https:\/\/sola-poljane.splet.arnes.si\/files\/2024\/02\/Kulturna-prireditev_202404-73x55.jpg 73w, https:\/\/sola-poljane.splet.arnes.si\/files\/2024\/02\/Kulturna-prireditev_202404-624x468.jpg 624w\" sizes=\"auto, (max-width: 800px) 100vw, 800px\" \/><\/a>\n\t\t\t<\/div><\/figure><figure class='gallery-item'>\n\t\t\t<div class='gallery-icon landscape'>\n\t\t\t\t<a href='https:\/\/sola-poljane.splet.arnes.si\/files\/2024\/02\/Kulturna-prireditev_202405.jpg'><img loading=\"lazy\" decoding=\"async\" width=\"800\" height=\"600\" src=\"https:\/\/sola-poljane.splet.arnes.si\/files\/2024\/02\/Kulturna-prireditev_202405.jpg\" class=\"attachment-full size-full\" alt=\"\" srcset=\"https:\/\/sola-poljane.splet.arnes.si\/files\/2024\/02\/Kulturna-prireditev_202405.jpg 800w, https:\/\/sola-poljane.splet.arnes.si\/files\/2024\/02\/Kulturna-prireditev_202405-300x225.jpg 300w, https:\/\/sola-poljane.splet.arnes.si\/files\/2024\/02\/Kulturna-prireditev_202405-768x576.jpg 768w, https:\/\/sola-poljane.splet.arnes.si\/files\/2024\/02\/Kulturna-prireditev_202405-73x55.jpg 73w, https:\/\/sola-poljane.splet.arnes.si\/files\/2024\/02\/Kulturna-prireditev_202405-624x468.jpg 624w\" sizes=\"auto, (max-width: 800px) 100vw, 800px\" \/><\/a>\n\t\t\t<\/div><\/figure><figure class='gallery-item'>\n\t\t\t<div class='gallery-icon landscape'>\n\t\t\t\t<a href='https:\/\/sola-poljane.splet.arnes.si\/files\/2024\/02\/Kulturna-prireditev_202403.jpg'><img loading=\"lazy\" decoding=\"async\" width=\"800\" height=\"600\" src=\"https:\/\/sola-poljane.splet.arnes.si\/files\/2024\/02\/Kulturna-prireditev_202403.jpg\" class=\"attachment-full size-full\" alt=\"\" srcset=\"https:\/\/sola-poljane.splet.arnes.si\/files\/2024\/02\/Kulturna-prireditev_202403.jpg 800w, https:\/\/sola-poljane.splet.arnes.si\/files\/2024\/02\/Kulturna-prireditev_202403-300x225.jpg 300w, https:\/\/sola-poljane.splet.arnes.si\/files\/2024\/02\/Kulturna-prireditev_202403-768x576.jpg 768w, https:\/\/sola-poljane.splet.arnes.si\/files\/2024\/02\/Kulturna-prireditev_202403-73x55.jpg 73w, https:\/\/sola-poljane.splet.arnes.si\/files\/2024\/02\/Kulturna-prireditev_202403-624x468.jpg 624w\" sizes=\"auto, (max-width: 800px) 100vw, 800px\" \/><\/a>\n\t\t\t<\/div><\/figure><figure class='gallery-item'>\n\t\t\t<div class='gallery-icon landscape'>\n\t\t\t\t<a href='https:\/\/sola-poljane.splet.arnes.si\/files\/2024\/02\/Kulturna-prireditev_202406.jpg'><img loading=\"lazy\" decoding=\"async\" width=\"800\" height=\"600\" src=\"https:\/\/sola-poljane.splet.arnes.si\/files\/2024\/02\/Kulturna-prireditev_202406.jpg\" class=\"attachment-full size-full\" alt=\"\" srcset=\"https:\/\/sola-poljane.splet.arnes.si\/files\/2024\/02\/Kulturna-prireditev_202406.jpg 800w, https:\/\/sola-poljane.splet.arnes.si\/files\/2024\/02\/Kulturna-prireditev_202406-300x225.jpg 300w, https:\/\/sola-poljane.splet.arnes.si\/files\/2024\/02\/Kulturna-prireditev_202406-768x576.jpg 768w, https:\/\/sola-poljane.splet.arnes.si\/files\/2024\/02\/Kulturna-prireditev_202406-73x55.jpg 73w, https:\/\/sola-poljane.splet.arnes.si\/files\/2024\/02\/Kulturna-prireditev_202406-624x468.jpg 624w\" sizes=\"auto, (max-width: 800px) 100vw, 800px\" \/><\/a>\n\t\t\t<\/div><\/figure>\n\t\t<\/div>\n\n<p>&nbsp;<\/p>\n<p style=\"text-align: center\">\n<!-- iframe plugin v.5.2 wordpress.org\/plugins\/iframe\/ -->\n<iframe loading=\"lazy\" width=\"720\" height=\"405\" src=\"https:\/\/video.arnes.si\/embed\/fh9ghr61s63x\" frameborder=\"0\" webkitallowfullscreen mozallowfullscreen allowfullscreen scrolling=\"yes\" class=\"iframe-class\" name=\"ARNES\"><\/iframe>\n&nbsp;<\/p>\n","protected":false},"excerpt":{"rendered":"<p>S kulturno prireditvijo dan pred slovenskim kulturnim praznikom smo se [&hellip;]<\/p>\n","protected":false},"author":56163,"featured_media":37277,"comment_status":"closed","ping_status":"open","sticky":false,"template":"","format":"standard","meta":{"ngg_post_thumbnail":0,"footnotes":""},"categories":[55,43,61],"tags":[],"class_list":["post-37263","post","type-post","status-publish","format-standard","has-post-thumbnail","hentry","category-dogajanje","category-projekti","category-unesco"],"_links":{"self":[{"href":"https:\/\/sola-poljane.splet.arnes.si\/index.php?rest_route=\/wp\/v2\/posts\/37263","targetHints":{"allow":["GET"]}}],"collection":[{"href":"https:\/\/sola-poljane.splet.arnes.si\/index.php?rest_route=\/wp\/v2\/posts"}],"about":[{"href":"https:\/\/sola-poljane.splet.arnes.si\/index.php?rest_route=\/wp\/v2\/types\/post"}],"author":[{"embeddable":true,"href":"https:\/\/sola-poljane.splet.arnes.si\/index.php?rest_route=\/wp\/v2\/users\/56163"}],"replies":[{"embeddable":true,"href":"https:\/\/sola-poljane.splet.arnes.si\/index.php?rest_route=%2Fwp%2Fv2%2Fcomments&post=37263"}],"version-history":[{"count":10,"href":"https:\/\/sola-poljane.splet.arnes.si\/index.php?rest_route=\/wp\/v2\/posts\/37263\/revisions"}],"predecessor-version":[{"id":37284,"href":"https:\/\/sola-poljane.splet.arnes.si\/index.php?rest_route=\/wp\/v2\/posts\/37263\/revisions\/37284"}],"wp:featuredmedia":[{"embeddable":true,"href":"https:\/\/sola-poljane.splet.arnes.si\/index.php?rest_route=\/wp\/v2\/media\/37277"}],"wp:attachment":[{"href":"https:\/\/sola-poljane.splet.arnes.si\/index.php?rest_route=%2Fwp%2Fv2%2Fmedia&parent=37263"}],"wp:term":[{"taxonomy":"category","embeddable":true,"href":"https:\/\/sola-poljane.splet.arnes.si\/index.php?rest_route=%2Fwp%2Fv2%2Fcategories&post=37263"},{"taxonomy":"post_tag","embeddable":true,"href":"https:\/\/sola-poljane.splet.arnes.si\/index.php?rest_route=%2Fwp%2Fv2%2Ftags&post=37263"}],"curies":[{"name":"wp","href":"https:\/\/api.w.org\/{rel}","templated":true}]}}