{"id":36726,"date":"2023-12-21T20:15:41","date_gmt":"2023-12-21T19:15:41","guid":{"rendered":"https:\/\/sola-poljane.splet.arnes.si\/?p=36726"},"modified":"2023-12-21T20:16:15","modified_gmt":"2023-12-21T19:16:15","slug":"tehniski-dan-za-8-razred-elektronika-z-robotiko","status":"publish","type":"post","link":"https:\/\/sola-poljane.splet.arnes.si\/?p=36726","title":{"rendered":"Tehni\u0161ki dan za 8. razred \u2013 Elektronika z robotiko"},"content":{"rendered":"<p style=\"text-align: justify\">V leto\u0161njem \u0161olskem letu smo v osmih razredih en tehni\u0161ki dan namenili <strong><span style=\"color: #0000ff\">elektroniki<\/span><\/strong>.<br \/>\nU\u010denci so morali izdelati <span style=\"color: #0000ff\">shemo lu\u010dk na novoletni jelki<\/span>. Lu\u010dke so iz LED-diod in utripajo v razli\u010dnih \u010dasovnih intervalih.<br \/>\nZa osnovo so uporabili tiskano vezje. Nanj so spajkali razli\u010dne elektronske komponente, kot so diode, kondenzator, \u010dip, uporniki,&nbsp; napetostni izvor.<br \/>\nVeliko je bilo dela z natan\u010dnim spajkanjem. Vsi deli so morali biti na pravem mestu in pravilno usmerjeni, sicer sistem ne bi deloval. U\u010denci so bili zelo motivirani pri izdelavi novoletne smre\u010dice.<\/p>\n<p style=\"text-align: justify\">Svoje izdelke so lahko odnesli domov, da jih postavijo na mesto, primerno za prazni\u010dne dni, ki prihajajo.<\/p>\n<p style=\"text-align: justify\">Za izvedbo se zahvaljujemo podjetju <span style=\"color: #0000ff\">Vid Kreativa<\/span>, ki nam je priskrbelo vse potrebno orodje, naprave in material za kvalitetno in pou\u010dno izvedbo dejavnosti.<\/p>\n<p style=\"text-align: justify\"><strong><em>Marko Osolnik<\/em><\/strong><\/p>\n<p>&nbsp;<\/p>\n<p><a href=\"https:\/\/sola-poljane.splet.arnes.si\/files\/2023\/12\/1-2.jpg\"><img loading=\"lazy\" decoding=\"async\" class=\"alignnone size-full wp-image-36728\" src=\"https:\/\/sola-poljane.splet.arnes.si\/files\/2023\/12\/1-2.jpg\" alt=\"\" width=\"800\" height=\"600\" srcset=\"https:\/\/sola-poljane.splet.arnes.si\/files\/2023\/12\/1-2.jpg 800w, https:\/\/sola-poljane.splet.arnes.si\/files\/2023\/12\/1-2-300x225.jpg 300w, https:\/\/sola-poljane.splet.arnes.si\/files\/2023\/12\/1-2-768x576.jpg 768w, https:\/\/sola-poljane.splet.arnes.si\/files\/2023\/12\/1-2-73x55.jpg 73w, https:\/\/sola-poljane.splet.arnes.si\/files\/2023\/12\/1-2-624x468.jpg 624w\" sizes=\"auto, (max-width: 800px) 100vw, 800px\" \/><\/a><\/p>\n<p><a href=\"https:\/\/sola-poljane.splet.arnes.si\/files\/2023\/12\/2-3.jpg\"><img loading=\"lazy\" decoding=\"async\" class=\"alignnone size-full wp-image-36729\" src=\"https:\/\/sola-poljane.splet.arnes.si\/files\/2023\/12\/2-3.jpg\" alt=\"\" width=\"800\" height=\"600\" srcset=\"https:\/\/sola-poljane.splet.arnes.si\/files\/2023\/12\/2-3.jpg 800w, https:\/\/sola-poljane.splet.arnes.si\/files\/2023\/12\/2-3-300x225.jpg 300w, https:\/\/sola-poljane.splet.arnes.si\/files\/2023\/12\/2-3-768x576.jpg 768w, https:\/\/sola-poljane.splet.arnes.si\/files\/2023\/12\/2-3-73x55.jpg 73w, https:\/\/sola-poljane.splet.arnes.si\/files\/2023\/12\/2-3-624x468.jpg 624w\" sizes=\"auto, (max-width: 800px) 100vw, 800px\" \/><\/a><\/p>\n<p style=\"text-align: justify\"><strong><em>&nbsp;<\/em><\/strong><\/p>\n","protected":false},"excerpt":{"rendered":"<p>V leto\u0161njem \u0161olskem letu smo v osmih razredih en tehni\u0161ki [&hellip;]<\/p>\n","protected":false},"author":56163,"featured_media":36730,"comment_status":"closed","ping_status":"open","sticky":false,"template":"","format":"standard","meta":{"ngg_post_thumbnail":0,"footnotes":""},"categories":[15,55],"tags":[],"class_list":["post-36726","post","type-post","status-publish","format-standard","has-post-thumbnail","hentry","category-dnevi-dejavnosti-2-triada","category-dogajanje"],"_links":{"self":[{"href":"https:\/\/sola-poljane.splet.arnes.si\/index.php?rest_route=\/wp\/v2\/posts\/36726","targetHints":{"allow":["GET"]}}],"collection":[{"href":"https:\/\/sola-poljane.splet.arnes.si\/index.php?rest_route=\/wp\/v2\/posts"}],"about":[{"href":"https:\/\/sola-poljane.splet.arnes.si\/index.php?rest_route=\/wp\/v2\/types\/post"}],"author":[{"embeddable":true,"href":"https:\/\/sola-poljane.splet.arnes.si\/index.php?rest_route=\/wp\/v2\/users\/56163"}],"replies":[{"embeddable":true,"href":"https:\/\/sola-poljane.splet.arnes.si\/index.php?rest_route=%2Fwp%2Fv2%2Fcomments&post=36726"}],"version-history":[{"count":2,"href":"https:\/\/sola-poljane.splet.arnes.si\/index.php?rest_route=\/wp\/v2\/posts\/36726\/revisions"}],"predecessor-version":[{"id":36731,"href":"https:\/\/sola-poljane.splet.arnes.si\/index.php?rest_route=\/wp\/v2\/posts\/36726\/revisions\/36731"}],"wp:featuredmedia":[{"embeddable":true,"href":"https:\/\/sola-poljane.splet.arnes.si\/index.php?rest_route=\/wp\/v2\/media\/36730"}],"wp:attachment":[{"href":"https:\/\/sola-poljane.splet.arnes.si\/index.php?rest_route=%2Fwp%2Fv2%2Fmedia&parent=36726"}],"wp:term":[{"taxonomy":"category","embeddable":true,"href":"https:\/\/sola-poljane.splet.arnes.si\/index.php?rest_route=%2Fwp%2Fv2%2Fcategories&post=36726"},{"taxonomy":"post_tag","embeddable":true,"href":"https:\/\/sola-poljane.splet.arnes.si\/index.php?rest_route=%2Fwp%2Fv2%2Ftags&post=36726"}],"curies":[{"name":"wp","href":"https:\/\/api.w.org\/{rel}","templated":true}]}}