{"id":36410,"date":"2023-12-12T18:32:15","date_gmt":"2023-12-12T17:32:15","guid":{"rendered":"https:\/\/sola-poljane.splet.arnes.si\/?p=36410"},"modified":"2023-12-12T18:32:15","modified_gmt":"2023-12-12T17:32:15","slug":"medobcinsko-prvenstvo-v-odbojki-za-starejse-decke","status":"publish","type":"post","link":"https:\/\/sola-poljane.splet.arnes.si\/?p=36410","title":{"rendered":"Medob\u010dinsko prvenstvo v odbojki za starej\u0161e de\u010dke"},"content":{"rendered":"<p style=\"text-align: justify\">7. decembra so se starej\u0161i de\u010dki udele\u017eili <strong><span style=\"color: #0000ff\">medob\u010dinskega tekmovanja v odbojki<\/span><\/strong>.<\/p>\n<p style=\"text-align: justify\">Prvo tekmo proti ekipi iz \u017dirov smo izgubili, drugo proti Gorenji vasi pa dobili. Tako smo se v dodatni tekmi za tretje mesto pomerili \u0161e z ekipo O\u0160 Ivana Groharja \u0160kofja Loka, ki pa smo ji morali priznati premo\u010d.<\/p>\n<p style=\"text-align: justify\">Kljub 4. mestu so fantje prikazali dobro igro in \u0160kofjo Loko zapustili dvignjenih glav.<\/p>\n<p style=\"text-align: justify\"><strong><em>Uro\u0161 \u010cade\u017e<\/em><\/strong><\/p>\n<p>&nbsp;<\/p>\n<div id='gallery-1' class='gallery galleryid-36410 gallery-columns-4 gallery-size-full'><figure class='gallery-item'>\n\t\t\t<div class='gallery-icon landscape'>\n\t\t\t\t<a href='https:\/\/sola-poljane.splet.arnes.si\/?attachment_id=36413'><img loading=\"lazy\" decoding=\"async\" width=\"800\" height=\"600\" src=\"https:\/\/sola-poljane.splet.arnes.si\/files\/2023\/12\/Odbojka_st-decki_medobcinsko_202301.jpg\" class=\"attachment-full size-full\" alt=\"\" srcset=\"https:\/\/sola-poljane.splet.arnes.si\/files\/2023\/12\/Odbojka_st-decki_medobcinsko_202301.jpg 800w, https:\/\/sola-poljane.splet.arnes.si\/files\/2023\/12\/Odbojka_st-decki_medobcinsko_202301-300x225.jpg 300w, https:\/\/sola-poljane.splet.arnes.si\/files\/2023\/12\/Odbojka_st-decki_medobcinsko_202301-768x576.jpg 768w, https:\/\/sola-poljane.splet.arnes.si\/files\/2023\/12\/Odbojka_st-decki_medobcinsko_202301-73x55.jpg 73w, https:\/\/sola-poljane.splet.arnes.si\/files\/2023\/12\/Odbojka_st-decki_medobcinsko_202301-624x468.jpg 624w\" sizes=\"auto, (max-width: 800px) 100vw, 800px\" \/><\/a>\n\t\t\t<\/div><\/figure><figure class='gallery-item'>\n\t\t\t<div class='gallery-icon landscape'>\n\t\t\t\t<a href='https:\/\/sola-poljane.splet.arnes.si\/?attachment_id=36416'><img loading=\"lazy\" decoding=\"async\" width=\"800\" height=\"600\" src=\"https:\/\/sola-poljane.splet.arnes.si\/files\/2023\/12\/Odbojka_st-decki_medobcinsko_202304.jpg\" class=\"attachment-full size-full\" alt=\"\" srcset=\"https:\/\/sola-poljane.splet.arnes.si\/files\/2023\/12\/Odbojka_st-decki_medobcinsko_202304.jpg 800w, https:\/\/sola-poljane.splet.arnes.si\/files\/2023\/12\/Odbojka_st-decki_medobcinsko_202304-300x225.jpg 300w, https:\/\/sola-poljane.splet.arnes.si\/files\/2023\/12\/Odbojka_st-decki_medobcinsko_202304-768x576.jpg 768w, https:\/\/sola-poljane.splet.arnes.si\/files\/2023\/12\/Odbojka_st-decki_medobcinsko_202304-73x55.jpg 73w, https:\/\/sola-poljane.splet.arnes.si\/files\/2023\/12\/Odbojka_st-decki_medobcinsko_202304-624x468.jpg 624w\" sizes=\"auto, (max-width: 800px) 100vw, 800px\" \/><\/a>\n\t\t\t<\/div><\/figure><figure class='gallery-item'>\n\t\t\t<div class='gallery-icon landscape'>\n\t\t\t\t<a href='https:\/\/sola-poljane.splet.arnes.si\/?attachment_id=36415'><img loading=\"lazy\" decoding=\"async\" width=\"800\" height=\"600\" src=\"https:\/\/sola-poljane.splet.arnes.si\/files\/2023\/12\/Odbojka_st-decki_medobcinsko_202303.jpg\" class=\"attachment-full size-full\" alt=\"\" srcset=\"https:\/\/sola-poljane.splet.arnes.si\/files\/2023\/12\/Odbojka_st-decki_medobcinsko_202303.jpg 800w, https:\/\/sola-poljane.splet.arnes.si\/files\/2023\/12\/Odbojka_st-decki_medobcinsko_202303-300x225.jpg 300w, https:\/\/sola-poljane.splet.arnes.si\/files\/2023\/12\/Odbojka_st-decki_medobcinsko_202303-768x576.jpg 768w, https:\/\/sola-poljane.splet.arnes.si\/files\/2023\/12\/Odbojka_st-decki_medobcinsko_202303-73x55.jpg 73w, https:\/\/sola-poljane.splet.arnes.si\/files\/2023\/12\/Odbojka_st-decki_medobcinsko_202303-624x468.jpg 624w\" sizes=\"auto, (max-width: 800px) 100vw, 800px\" \/><\/a>\n\t\t\t<\/div><\/figure><figure class='gallery-item'>\n\t\t\t<div class='gallery-icon landscape'>\n\t\t\t\t<a href='https:\/\/sola-poljane.splet.arnes.si\/?attachment_id=36414'><img loading=\"lazy\" decoding=\"async\" width=\"800\" height=\"600\" src=\"https:\/\/sola-poljane.splet.arnes.si\/files\/2023\/12\/Odbojka_st-decki_medobcinsko_202302.jpg\" class=\"attachment-full size-full\" alt=\"\" srcset=\"https:\/\/sola-poljane.splet.arnes.si\/files\/2023\/12\/Odbojka_st-decki_medobcinsko_202302.jpg 800w, https:\/\/sola-poljane.splet.arnes.si\/files\/2023\/12\/Odbojka_st-decki_medobcinsko_202302-300x225.jpg 300w, https:\/\/sola-poljane.splet.arnes.si\/files\/2023\/12\/Odbojka_st-decki_medobcinsko_202302-768x576.jpg 768w, https:\/\/sola-poljane.splet.arnes.si\/files\/2023\/12\/Odbojka_st-decki_medobcinsko_202302-73x55.jpg 73w, https:\/\/sola-poljane.splet.arnes.si\/files\/2023\/12\/Odbojka_st-decki_medobcinsko_202302-624x468.jpg 624w\" sizes=\"auto, (max-width: 800px) 100vw, 800px\" \/><\/a>\n\t\t\t<\/div><\/figure>\n\t\t<\/div>\n\n<p>&nbsp;<\/p>\n<p><span style=\"color: #0000ff\"><strong>Rezultati:<br \/>\n<\/strong><\/span><a href=\"https:\/\/sola-poljane.splet.arnes.si\/files\/2023\/12\/Porocilo-odbojka-st-decki23-24.pdf\">Poro\u010dilo odbojka st de\u010dki23-24<\/a><\/p>\n","protected":false},"excerpt":{"rendered":"<p>7. decembra so se starej\u0161i de\u010dki udele\u017eili medob\u010dinskega tekmovanja v [&hellip;]<\/p>\n","protected":false},"author":56163,"featured_media":36418,"comment_status":"closed","ping_status":"open","sticky":false,"template":"","format":"standard","meta":{"ngg_post_thumbnail":0,"footnotes":""},"categories":[55,59],"tags":[],"class_list":["post-36410","post","type-post","status-publish","format-standard","has-post-thumbnail","hentry","category-dogajanje","category-sportna-tekmovanja"],"_links":{"self":[{"href":"https:\/\/sola-poljane.splet.arnes.si\/index.php?rest_route=\/wp\/v2\/posts\/36410","targetHints":{"allow":["GET"]}}],"collection":[{"href":"https:\/\/sola-poljane.splet.arnes.si\/index.php?rest_route=\/wp\/v2\/posts"}],"about":[{"href":"https:\/\/sola-poljane.splet.arnes.si\/index.php?rest_route=\/wp\/v2\/types\/post"}],"author":[{"embeddable":true,"href":"https:\/\/sola-poljane.splet.arnes.si\/index.php?rest_route=\/wp\/v2\/users\/56163"}],"replies":[{"embeddable":true,"href":"https:\/\/sola-poljane.splet.arnes.si\/index.php?rest_route=%2Fwp%2Fv2%2Fcomments&post=36410"}],"version-history":[{"count":4,"href":"https:\/\/sola-poljane.splet.arnes.si\/index.php?rest_route=\/wp\/v2\/posts\/36410\/revisions"}],"predecessor-version":[{"id":36420,"href":"https:\/\/sola-poljane.splet.arnes.si\/index.php?rest_route=\/wp\/v2\/posts\/36410\/revisions\/36420"}],"wp:featuredmedia":[{"embeddable":true,"href":"https:\/\/sola-poljane.splet.arnes.si\/index.php?rest_route=\/wp\/v2\/media\/36418"}],"wp:attachment":[{"href":"https:\/\/sola-poljane.splet.arnes.si\/index.php?rest_route=%2Fwp%2Fv2%2Fmedia&parent=36410"}],"wp:term":[{"taxonomy":"category","embeddable":true,"href":"https:\/\/sola-poljane.splet.arnes.si\/index.php?rest_route=%2Fwp%2Fv2%2Fcategories&post=36410"},{"taxonomy":"post_tag","embeddable":true,"href":"https:\/\/sola-poljane.splet.arnes.si\/index.php?rest_route=%2Fwp%2Fv2%2Ftags&post=36410"}],"curies":[{"name":"wp","href":"https:\/\/api.w.org\/{rel}","templated":true}]}}