{"id":36060,"date":"2023-12-07T20:44:40","date_gmt":"2023-12-07T19:44:40","guid":{"rendered":"https:\/\/sola-poljane.splet.arnes.si\/?p=36060"},"modified":"2023-12-08T17:48:10","modified_gmt":"2023-12-08T16:48:10","slug":"sola-v-naravi-za-2-razred-csod-medved","status":"publish","type":"post","link":"https:\/\/sola-poljane.splet.arnes.si\/?p=36060","title":{"rendered":"\u0160ola v naravi za 2. razred \u2013 C\u0160OD Medved"},"content":{"rendered":"<p><span style=\"color: #3366ff\"><strong>PRVI DAN<\/strong><\/span><\/p>\n<p style=\"text-align: justify\">Komaj smo \u010dakali, da pride sreda in da se odpravimo v \u0161olo v naravi. Zjutraj ob 8.30 smo z avtobusom krenili na pot proti Medvedjemu Brdu. Ob prihodu v C\u0160OD Medved so nas toplo sprejeli ter razporedili v sobe, kjer smo uredili postelje in svoje stvari zlo\u017eili v omare. Kosilo je bilo zelo okusno in kro\u017eniki so bili hitro prazni. Po kosilu smo se odpravili na sneg, kjer smo se vozili z bobi, ustvarjali igluje, sne\u017eake in po\u010deli razli\u010dne sne\u017ene vragolije. Komaj smo \u010dakali ve\u010derjo, po kateri smo kasneje prijetno utrujeni poslu\u0161ali zgodbe o vesolju in zvezdah. Zdaj pa komaj \u010dakamo na nov dan in nove dogodiv\u0161\u010dine.<\/p>\n<p>&nbsp;<\/p>\nngg_shortcode_0_placeholder\n<p>&nbsp;<\/p>\n<p><span style=\"color: #3366ff\"><strong>DRUGI DAN<\/strong><\/span><\/p>\n<p style=\"text-align: justify\">Dana\u0161nji dan je bil poln dogodiv\u0161\u010din. Dopoldne smo streljali z lokom in se pogovarjali o vremenu. Izdelali smo svojega zmaja in ga preizkusili na zunanjem igri\u0161\u010du. Po slastnem kosilu smo se u\u010dili o orientaciji in od\u0161li na no\u010dni sprehod z lu\u010dkami ter se vrnili na topel \u010daj in odli\u010dno pico. Ko so se trebu\u0161\u010dki odpo\u010dili, smo se spu\u0161\u010dali po toboganu in se zabavali na zaklju\u010dnem ve\u010deru.<\/p>\n<p>&nbsp;<\/p>\nngg_shortcode_1_placeholder\n<p>&nbsp;<\/p>\n<p><span style=\"color: #3366ff\"><strong>TRETJI DAN<\/strong><\/span><\/p>\n<p>Polni nepozabnih spominov se vra\u010damo domov.&nbsp; Ve\u010d pa si preberite tukaj.<\/p>\n<p>&nbsp;<\/p>\nngg_shortcode_2_placeholder\n<p>&nbsp;<\/p>\n","protected":false},"excerpt":{"rendered":"<p>PRVI DAN Komaj smo \u010dakali, da pride sreda in da [&hellip;]<\/p>\n","protected":false},"author":56163,"featured_media":36245,"comment_status":"closed","ping_status":"open","sticky":false,"template":"","format":"standard","meta":{"ngg_post_thumbnail":0,"footnotes":""},"categories":[7,55],"tags":[],"class_list":["post-36060","post","type-post","status-publish","format-standard","has-post-thumbnail","hentry","category-dnevi-dejavnosti","category-dogajanje"],"_links":{"self":[{"href":"https:\/\/sola-poljane.splet.arnes.si\/index.php?rest_route=\/wp\/v2\/posts\/36060","targetHints":{"allow":["GET"]}}],"collection":[{"href":"https:\/\/sola-poljane.splet.arnes.si\/index.php?rest_route=\/wp\/v2\/posts"}],"about":[{"href":"https:\/\/sola-poljane.splet.arnes.si\/index.php?rest_route=\/wp\/v2\/types\/post"}],"author":[{"embeddable":true,"href":"https:\/\/sola-poljane.splet.arnes.si\/index.php?rest_route=\/wp\/v2\/users\/56163"}],"replies":[{"embeddable":true,"href":"https:\/\/sola-poljane.splet.arnes.si\/index.php?rest_route=%2Fwp%2Fv2%2Fcomments&post=36060"}],"version-history":[{"count":8,"href":"https:\/\/sola-poljane.splet.arnes.si\/index.php?rest_route=\/wp\/v2\/posts\/36060\/revisions"}],"predecessor-version":[{"id":36244,"href":"https:\/\/sola-poljane.splet.arnes.si\/index.php?rest_route=\/wp\/v2\/posts\/36060\/revisions\/36244"}],"wp:featuredmedia":[{"embeddable":true,"href":"https:\/\/sola-poljane.splet.arnes.si\/index.php?rest_route=\/wp\/v2\/media\/36245"}],"wp:attachment":[{"href":"https:\/\/sola-poljane.splet.arnes.si\/index.php?rest_route=%2Fwp%2Fv2%2Fmedia&parent=36060"}],"wp:term":[{"taxonomy":"category","embeddable":true,"href":"https:\/\/sola-poljane.splet.arnes.si\/index.php?rest_route=%2Fwp%2Fv2%2Fcategories&post=36060"},{"taxonomy":"post_tag","embeddable":true,"href":"https:\/\/sola-poljane.splet.arnes.si\/index.php?rest_route=%2Fwp%2Fv2%2Ftags&post=36060"}],"curies":[{"name":"wp","href":"https:\/\/api.w.org\/{rel}","templated":true}]}}