{"id":35628,"date":"2023-11-30T21:00:47","date_gmt":"2023-11-30T20:00:47","guid":{"rendered":"https:\/\/sola-poljane.splet.arnes.si\/?p=35628"},"modified":"2023-12-04T11:36:10","modified_gmt":"2023-12-04T10:36:10","slug":"medobcinsko-tekmovanje-v-kosarki-za-starejsa-dekleta","status":"publish","type":"post","link":"https:\/\/sola-poljane.splet.arnes.si\/?p=35628","title":{"rendered":"Medob\u010dinsko tekmovanje v ko\u0161arki za starej\u0161a dekleta"},"content":{"rendered":"<p style=\"text-align: justify\"><span style=\"color: #0000ff\">Medob\u010dinski turnir v ko\u0161arki za starej\u0161a dekleta<\/span> je letos potekal v \u017direh, in sicer v torek, 28.&nbsp;11.&nbsp;2023. Na turnirju sta sodelovali \u0161e O\u0160 \u017diri in O\u0160 Ivana Tav\u010darja Gorenja vas.<\/p>\n<p style=\"text-align: justify\">Prvo tekmo smo odigrali z gostiteljicami iz \u017dirov. Tekma je bila izredno izena\u010dena, trda in napeta. Rezultat se je skozi tekmo izmenjeval. A na koncu se je iz\u0161lo za minimalno zmago na\u0161ih u\u010denk, in sicer z rezultatom 40 : 39.<\/p>\n<p style=\"text-align: justify\">V nadaljevanju pa nas je \u017ee \u010dakala tekma z dekleti O\u0160 Ivana Tav\u010darja. Ta tekma je bila manj stresna, saj se je \u017ee na za\u010detku pokazala razlika v kakovosti. Tekmo so u\u010denke rutinirano pripeljale do konca, in sicer z ve\u010d kot 30 to\u010dkami razlike.<\/p>\n<p style=\"text-align: justify\">Na\u0161e u\u010denke so se poleg u\u010denk O\u0160 \u017diri uvrstile <strong><span style=\"color: #0000ff\">na podro\u010dno tekmovanje<\/span><\/strong>, ki bo potekalo v Kranju.<\/p>\n<p style=\"text-align: justify\">Ekipo sestavljajo: sedmo\u0161olki <span style=\"color: #0000ff\">Lara Kokalj <span style=\"color: #000000\">in<\/span> Zoja Mikuleti\u010d, Angelika Strel <span style=\"color: #000000\">in<\/span> Maru\u0161a \u0160ubic <span style=\"color: #000000\">iz 8. razreda<\/span> <span style=\"color: #000000\">ter<\/span> <span style=\"color: #000000\">deveto\u0161olke<\/span> Ivana Krek, Jerca Gantar, Nina Poto\u010dnik, Klara Jelov\u010dan, Ema Kr\u017ei\u0161nik, Tija Kisovec <span style=\"color: #000000\">in<\/span> Tina Novak<span style=\"color: #000000\">.<\/span><\/span><\/p>\n<p style=\"text-align: justify\"><strong>\u010cestitke vsem sodelujo\u010dim u\u010denkam, saj je vsaka prispevala svoj dele\u017e k uspehu!<\/strong><\/p>\n<p><strong><em>Mentor: Ale\u0161 Mrak<\/em><\/strong><\/p>\n<p>&nbsp;<\/p>\n<p><a href=\"https:\/\/sola-poljane.splet.arnes.si\/files\/2023\/12\/3.jpg\">&nbsp; <\/a><a href=\"https:\/\/sola-poljane.splet.arnes.si\/files\/2023\/12\/1.jpg\"><img loading=\"lazy\" decoding=\"async\" class=\"size-full wp-image-35633 aligncenter\" src=\"https:\/\/sola-poljane.splet.arnes.si\/files\/2023\/12\/1.jpg\" alt=\"\" width=\"800\" height=\"361\" srcset=\"https:\/\/sola-poljane.splet.arnes.si\/files\/2023\/12\/1.jpg 800w, https:\/\/sola-poljane.splet.arnes.si\/files\/2023\/12\/1-300x135.jpg 300w, https:\/\/sola-poljane.splet.arnes.si\/files\/2023\/12\/1-768x347.jpg 768w, https:\/\/sola-poljane.splet.arnes.si\/files\/2023\/12\/1-122x55.jpg 122w, https:\/\/sola-poljane.splet.arnes.si\/files\/2023\/12\/1-624x282.jpg 624w\" sizes=\"auto, (max-width: 800px) 100vw, 800px\" \/><\/a><\/p>\n<p>&nbsp;<\/p>\n<p><a href=\"https:\/\/sola-poljane.splet.arnes.si\/files\/2023\/12\/2.jpg\"><img loading=\"lazy\" decoding=\"async\" class=\"size-full wp-image-35634 aligncenter\" src=\"https:\/\/sola-poljane.splet.arnes.si\/files\/2023\/12\/2.jpg\" alt=\"\" width=\"800\" height=\"361\" srcset=\"https:\/\/sola-poljane.splet.arnes.si\/files\/2023\/12\/2.jpg 800w, https:\/\/sola-poljane.splet.arnes.si\/files\/2023\/12\/2-300x135.jpg 300w, https:\/\/sola-poljane.splet.arnes.si\/files\/2023\/12\/2-768x347.jpg 768w, https:\/\/sola-poljane.splet.arnes.si\/files\/2023\/12\/2-122x55.jpg 122w, https:\/\/sola-poljane.splet.arnes.si\/files\/2023\/12\/2-624x282.jpg 624w\" sizes=\"auto, (max-width: 800px) 100vw, 800px\" \/><\/a><\/p>\n<p>&nbsp;<\/p>\n<p><img decoding=\"async\" class=\"aligncenter\" src=\"https:\/\/sola-poljane.splet.arnes.si\/files\/2023\/12\/3-462x1024.jpg\"><\/p>\n","protected":false},"excerpt":{"rendered":"<p>Medob\u010dinski turnir v ko\u0161arki za starej\u0161a dekleta je letos potekal [&hellip;]<\/p>\n","protected":false},"author":56163,"featured_media":35630,"comment_status":"closed","ping_status":"open","sticky":false,"template":"","format":"standard","meta":{"ngg_post_thumbnail":0,"footnotes":""},"categories":[55,59],"tags":[],"class_list":["post-35628","post","type-post","status-publish","format-standard","has-post-thumbnail","hentry","category-dogajanje","category-sportna-tekmovanja"],"_links":{"self":[{"href":"https:\/\/sola-poljane.splet.arnes.si\/index.php?rest_route=\/wp\/v2\/posts\/35628","targetHints":{"allow":["GET"]}}],"collection":[{"href":"https:\/\/sola-poljane.splet.arnes.si\/index.php?rest_route=\/wp\/v2\/posts"}],"about":[{"href":"https:\/\/sola-poljane.splet.arnes.si\/index.php?rest_route=\/wp\/v2\/types\/post"}],"author":[{"embeddable":true,"href":"https:\/\/sola-poljane.splet.arnes.si\/index.php?rest_route=\/wp\/v2\/users\/56163"}],"replies":[{"embeddable":true,"href":"https:\/\/sola-poljane.splet.arnes.si\/index.php?rest_route=%2Fwp%2Fv2%2Fcomments&post=35628"}],"version-history":[{"count":6,"href":"https:\/\/sola-poljane.splet.arnes.si\/index.php?rest_route=\/wp\/v2\/posts\/35628\/revisions"}],"predecessor-version":[{"id":35757,"href":"https:\/\/sola-poljane.splet.arnes.si\/index.php?rest_route=\/wp\/v2\/posts\/35628\/revisions\/35757"}],"wp:featuredmedia":[{"embeddable":true,"href":"https:\/\/sola-poljane.splet.arnes.si\/index.php?rest_route=\/wp\/v2\/media\/35630"}],"wp:attachment":[{"href":"https:\/\/sola-poljane.splet.arnes.si\/index.php?rest_route=%2Fwp%2Fv2%2Fmedia&parent=35628"}],"wp:term":[{"taxonomy":"category","embeddable":true,"href":"https:\/\/sola-poljane.splet.arnes.si\/index.php?rest_route=%2Fwp%2Fv2%2Fcategories&post=35628"},{"taxonomy":"post_tag","embeddable":true,"href":"https:\/\/sola-poljane.splet.arnes.si\/index.php?rest_route=%2Fwp%2Fv2%2Ftags&post=35628"}],"curies":[{"name":"wp","href":"https:\/\/api.w.org\/{rel}","templated":true}]}}