{"id":34778,"date":"2023-10-27T11:51:35","date_gmt":"2023-10-27T09:51:35","guid":{"rendered":"https:\/\/sola-poljane.splet.arnes.si\/?p=34778"},"modified":"2023-10-27T19:24:52","modified_gmt":"2023-10-27T17:24:52","slug":"34778","status":"publish","type":"post","link":"https:\/\/sola-poljane.splet.arnes.si\/?p=34778","title":{"rendered":"Na\u0161e u\u010denke po zlata priznanja v \u0160tanjel"},"content":{"rendered":"<p style=\"text-align: justify\">V soboto, 21. oktobra, so se na\u0161e u\u010denke skupaj z dvema nekdanjima u\u010denkama v \u0160tanjelu udele\u017eile odprtja <span style=\"color: #3366ff\"><strong>10. bienalne razstave otro\u0161kega prostorskega oblikovanja PO FABIANIJEVIH POTEH<\/strong> <\/span>in odprtja <span style=\"color: #3366ff\"><strong>7. geografske razstave USTVARJALNA GEOGRAFSKA PREDSTAVITEV MOJEGA KRAJA.<\/strong><\/span><\/p>\n<p style=\"text-align: justify\">Dela <strong><span style=\"color: #ff6600\">Bla\u017eke Jesenko, Ivane Krek, Jerce Gantar, Katju\u0161e Bogataj, Nike Bo\u017enar<\/span><\/strong> in dveh nekdanjih u\u010denk, <span style=\"color: #ff6600\"><strong>Maje \u0160ink <\/strong><span style=\"color: #000000\">in <\/span><strong>Nastje Tratnik<\/strong><\/span>, so se uvrstila v <span style=\"color: #800000\"><strong>ZLATO KOLEKCIJO<\/strong><\/span>, u\u010denke pa so prejele <strong><span style=\"color: #800000\">zlata priznanja<\/span><\/strong>.<\/p>\n<p style=\"text-align: justify\"><strong>Iskrene \u010destitke vsem u\u010denkam!<\/strong><\/p>\n<p>&nbsp;<\/p>\n<p style=\"text-align: justify\"><strong><em>Mentorica Mihaela \u017dakelj Ogrin<\/em><\/strong><\/p>\n<p>&nbsp;<\/p>\nngg_shortcode_0_placeholder\n","protected":false},"excerpt":{"rendered":"<p>V soboto, 21. oktobra, so se na\u0161e u\u010denke skupaj z [&hellip;]<\/p>\n","protected":false},"author":56163,"featured_media":34796,"comment_status":"closed","ping_status":"open","sticky":false,"template":"","format":"standard","meta":{"ngg_post_thumbnail":0,"footnotes":""},"categories":[55,37,61],"tags":[],"class_list":["post-34778","post","type-post","status-publish","format-standard","has-post-thumbnail","hentry","category-dogajanje","category-natecaji","category-unesco"],"_links":{"self":[{"href":"https:\/\/sola-poljane.splet.arnes.si\/index.php?rest_route=\/wp\/v2\/posts\/34778","targetHints":{"allow":["GET"]}}],"collection":[{"href":"https:\/\/sola-poljane.splet.arnes.si\/index.php?rest_route=\/wp\/v2\/posts"}],"about":[{"href":"https:\/\/sola-poljane.splet.arnes.si\/index.php?rest_route=\/wp\/v2\/types\/post"}],"author":[{"embeddable":true,"href":"https:\/\/sola-poljane.splet.arnes.si\/index.php?rest_route=\/wp\/v2\/users\/56163"}],"replies":[{"embeddable":true,"href":"https:\/\/sola-poljane.splet.arnes.si\/index.php?rest_route=%2Fwp%2Fv2%2Fcomments&post=34778"}],"version-history":[{"count":4,"href":"https:\/\/sola-poljane.splet.arnes.si\/index.php?rest_route=\/wp\/v2\/posts\/34778\/revisions"}],"predecessor-version":[{"id":34800,"href":"https:\/\/sola-poljane.splet.arnes.si\/index.php?rest_route=\/wp\/v2\/posts\/34778\/revisions\/34800"}],"wp:featuredmedia":[{"embeddable":true,"href":"https:\/\/sola-poljane.splet.arnes.si\/index.php?rest_route=\/wp\/v2\/media\/34796"}],"wp:attachment":[{"href":"https:\/\/sola-poljane.splet.arnes.si\/index.php?rest_route=%2Fwp%2Fv2%2Fmedia&parent=34778"}],"wp:term":[{"taxonomy":"category","embeddable":true,"href":"https:\/\/sola-poljane.splet.arnes.si\/index.php?rest_route=%2Fwp%2Fv2%2Fcategories&post=34778"},{"taxonomy":"post_tag","embeddable":true,"href":"https:\/\/sola-poljane.splet.arnes.si\/index.php?rest_route=%2Fwp%2Fv2%2Ftags&post=34778"}],"curies":[{"name":"wp","href":"https:\/\/api.w.org\/{rel}","templated":true}]}}