{"id":34745,"date":"2023-10-27T05:57:25","date_gmt":"2023-10-27T03:57:25","guid":{"rendered":"https:\/\/sola-poljane.splet.arnes.si\/?p=34745"},"modified":"2023-10-27T05:57:25","modified_gmt":"2023-10-27T03:57:25","slug":"tretjesolci-in-buce-buce-buce","status":"publish","type":"post","link":"https:\/\/sola-poljane.splet.arnes.si\/?p=34745","title":{"rendered":"Tretje\u0161olci in bu\u010de, bu\u010de, bu\u010de &#8230;"},"content":{"rendered":"<p style=\"text-align: justify\">V sredo, 25. 10. 2023, so tretje\u0161olci namesto nalivnikov in zvezkov v roke prijeli \u0161ivanko s sukancem in blago ter se preizkusili <strong>v \u0161ivanju<\/strong>. Potrebno je bilo veliko truda in vztrajnosti, da so dva izrezana kosa blaga se\u0161ili z zan\u010dnim \u0161ivom. Ko so u\u010denci za\u0161ita dela napolnili s polnilom in dodali \u0161e o\u010di, nos, usta ter pecelj, so krpice filca dobile podobo zanimive <span style=\"color: #ff6600\"><strong>JESENSKE BU\u010cE<\/strong><\/span>.&nbsp;<\/p>\n<p style=\"text-align: justify\"><strong>Kako jim je \u0161lo, si oglejte v spodnji fotogaleriji.<\/strong><\/p>\n<p>&nbsp;<\/p>\nngg_shortcode_0_placeholder\nngg_shortcode_1_placeholder\n<p><strong>Kaj pa so o tem dnevu povedali u\u010denci 3. b? Preberite.<\/strong><\/p>\n<p style=\"text-align: justify\"><em>Bilo mi je super, ker rada \u0161ivam. Zelo sem se veselila, da se nau\u010dim nov \u0161iv. Moja bu\u010da mi je zelo v\u0161e\u010d. (Iza)<\/em><br \/>\n<em>Danes smo imeli tehni\u0161ki dan. \u0160ivali smo bu\u010do, ki ima o\u010di, usta, pecelj in nos. \u0160lo mi je zelo dobro in zelo mi je bilo v\u0161e\u010d. (Eva)<\/em><br \/>\n<em>Na\u0161 dan je bil zabaven in zanimiv. Naredil sem lepo bu\u010do. Enkrat sem se tudi zbodel s \u0161ivanko. Bu\u010do sem delal \u0161tiri ure. V\u0161e\u010d mi je bilo, ker smo delali vsi skupaj. (Ga\u0161per)<\/em><br \/>\n<em>Zelo rada \u0161ivam. V\u0161e\u010d mi je bilo, da smo \u0161ivali bu\u010do. (Ne\u017ea)<\/em><br \/>\n<em>Dana\u0161nji dan je bil zelo zabaven. Najbolj mi je bilo v\u0161e\u010d, ko sem \u0161ivala in na koncu lepila. Trikrat sem odrezala nit. V bu\u010de smo vtaknili palice. Sam si si lahko izbral ali bo\u0161 imel &#8216;pov\u0161ter&#8217; ali lutko na palici. Jaz sem si naredila oboje. (Ema)<\/em><br \/>\n<em>V\u0161e\u010d mi je bilo, ko smo \u0161ivali. \u0160lo mi je zelo dobro. Na\u0161 izdelek bom doma uporabljal za stra\u0161ilo, ko bomo imeli raco. Zato, da nam ne bo jedla solate.&nbsp; (Tine G.)<\/em><br \/>\n<em>\u0160ivanje mi je bilo v\u0161e\u010d. Super mi je bilo, ker smo spoznali nov \u0161iv. Na za\u010detku smo se nau\u010dili, kako bomo naredili bu\u010do. (Anamari)<\/em><br \/>\n<em>Moja bu\u010da mi je v\u0161e\u010d, uspela mi je zelo dobro. \u0160ivanje imam zelo rad, \u010deprav sem se moral zelo potruditi.&nbsp; (Filip)<\/em><br \/>\n<em>Imeli smo tehni\u0161ki dan. \u0160ivali smo bu\u010de. Imeli smo se zelo dobro. (Jakob, Anej)<\/em><br \/>\n<em>Danes sem se imela super. Uspela mi je zelo lepa bu\u010dka. Zelo mi je \u0161lo dobro in hitro sem za\u0161ila. Preden smo za\u010deli \u0161ivati, smo vadili ta lep \u0161iv. (Vita)<\/em><br \/>\n<em>Bilo je super, ker smo \u0161ivali in lepili. Uspela mi je zelo lepa bu\u010da. (Lucija)<\/em><br \/>\n<em>Dana\u0161nji dan je bil zelo dober, ker smo \u0161ivali. Naredili smo zelo dobre bu\u010de. (Nik, Kri\u0161tof)<\/em><br \/>\n<em>Danes je bil tehni\u0161ki dan. \u0160ivali smo bu\u010de, ki jih bomo lahko imeli tudi za no\u010d \u010darovnic. Bilo mi je tako zabavno. Naredil sem bu\u010do, ki ima zelen pecelj, \u010drne o\u010di, rde\u010da usta in zelen nos. (Ian)<\/em><br \/>\n<em>V\u0161e\u010d mi je bilo \u0161ivanje, lepljenje in polnjenje bu\u010de z vato. V\u0161e\u010d mi je bilo tudi to, da zaradi tega dneva nismo imeli pouka. (Agata)<\/em><br \/>\n<em>V\u0161e\u010d mi je bilo, ko smo gledali u\u010ditelji\u010din posnetek \u0161ivanja in ker smo se potem nau\u010dili \u0161ivati. (Tina)<\/em><\/p>\n<p>&nbsp;<\/p>\n<p><em><strong>Alenka Ortar<\/strong><\/em><\/p>\n","protected":false},"excerpt":{"rendered":"<p>V sredo, 25. 10. 2023, so tretje\u0161olci namesto nalivnikov in [&hellip;]<\/p>\n","protected":false},"author":56163,"featured_media":34769,"comment_status":"closed","ping_status":"open","sticky":false,"template":"","format":"standard","meta":{"ngg_post_thumbnail":0,"footnotes":""},"categories":[7,55],"tags":[],"class_list":["post-34745","post","type-post","status-publish","format-standard","has-post-thumbnail","hentry","category-dnevi-dejavnosti","category-dogajanje"],"_links":{"self":[{"href":"https:\/\/sola-poljane.splet.arnes.si\/index.php?rest_route=\/wp\/v2\/posts\/34745","targetHints":{"allow":["GET"]}}],"collection":[{"href":"https:\/\/sola-poljane.splet.arnes.si\/index.php?rest_route=\/wp\/v2\/posts"}],"about":[{"href":"https:\/\/sola-poljane.splet.arnes.si\/index.php?rest_route=\/wp\/v2\/types\/post"}],"author":[{"embeddable":true,"href":"https:\/\/sola-poljane.splet.arnes.si\/index.php?rest_route=\/wp\/v2\/users\/56163"}],"replies":[{"embeddable":true,"href":"https:\/\/sola-poljane.splet.arnes.si\/index.php?rest_route=%2Fwp%2Fv2%2Fcomments&post=34745"}],"version-history":[{"count":7,"href":"https:\/\/sola-poljane.splet.arnes.si\/index.php?rest_route=\/wp\/v2\/posts\/34745\/revisions"}],"predecessor-version":[{"id":34773,"href":"https:\/\/sola-poljane.splet.arnes.si\/index.php?rest_route=\/wp\/v2\/posts\/34745\/revisions\/34773"}],"wp:featuredmedia":[{"embeddable":true,"href":"https:\/\/sola-poljane.splet.arnes.si\/index.php?rest_route=\/wp\/v2\/media\/34769"}],"wp:attachment":[{"href":"https:\/\/sola-poljane.splet.arnes.si\/index.php?rest_route=%2Fwp%2Fv2%2Fmedia&parent=34745"}],"wp:term":[{"taxonomy":"category","embeddable":true,"href":"https:\/\/sola-poljane.splet.arnes.si\/index.php?rest_route=%2Fwp%2Fv2%2Fcategories&post=34745"},{"taxonomy":"post_tag","embeddable":true,"href":"https:\/\/sola-poljane.splet.arnes.si\/index.php?rest_route=%2Fwp%2Fv2%2Ftags&post=34745"}],"curies":[{"name":"wp","href":"https:\/\/api.w.org\/{rel}","templated":true}]}}