{"id":34635,"date":"2023-10-20T20:24:18","date_gmt":"2023-10-20T18:24:18","guid":{"rendered":"https:\/\/sola-poljane.splet.arnes.si\/?p=34635"},"modified":"2023-11-14T11:48:23","modified_gmt":"2023-11-14T10:48:23","slug":"izabela-in-eva-prejeli-bronasto-priznanje-za-grafiki","status":"publish","type":"post","link":"https:\/\/sola-poljane.splet.arnes.si\/?p=34635","title":{"rendered":"Izabela in Eva prejeli bronasto priznanje za grafiki"},"content":{"rendered":"<p>Na <span style=\"color: #993300\"><strong>21. Bienalu otro\u0161ke grafike<\/strong><\/span> sta bila izdelka na\u0161ih u\u010denk <span style=\"color: #ff6600\"><strong>Izabele Treven<\/strong><\/span> in <strong><span style=\"color: #ff6600\">Eve Debeljak<\/span><\/strong> izbrana za razstavo. Za delo bosta prejeli <span style=\"color: #993300\">bronasto priznanje<\/span>.<\/p>\n<p>\u010cestitke u\u010denkama!<\/p>\n<p><strong><em>Mentorica: Mihaela \u017dakelj Ogrin<\/em><\/strong><\/p>\n<p>&nbsp;<\/p>\n<p><a href=\"https:\/\/sola-poljane.splet.arnes.si\/files\/2023\/10\/GRAFIKA1-a-Izabela-Treven-4.-b_manjsa-1.jpg\"><img loading=\"lazy\" decoding=\"async\" class=\"size-full wp-image-34639 aligncenter\" src=\"https:\/\/sola-poljane.splet.arnes.si\/files\/2023\/10\/GRAFIKA1-a-Izabela-Treven-4.-b_manjsa-1.jpg\" alt=\"\" width=\"618\" height=\"509\" srcset=\"https:\/\/sola-poljane.splet.arnes.si\/files\/2023\/10\/GRAFIKA1-a-Izabela-Treven-4.-b_manjsa-1.jpg 618w, https:\/\/sola-poljane.splet.arnes.si\/files\/2023\/10\/GRAFIKA1-a-Izabela-Treven-4.-b_manjsa-1-300x247.jpg 300w, https:\/\/sola-poljane.splet.arnes.si\/files\/2023\/10\/GRAFIKA1-a-Izabela-Treven-4.-b_manjsa-1-67x55.jpg 67w\" sizes=\"auto, (max-width: 618px) 100vw, 618px\" \/><\/a><\/p>\n<p style=\"text-align: center\"><em><strong>Izabela Treven, 4. a<\/strong><\/em><\/p>\n<p><a href=\"https:\/\/sola-poljane.splet.arnes.si\/files\/2023\/10\/GRAFIKA-2-Eva-Debeljak-Presenecenje_manjsa.jpg\"><img loading=\"lazy\" decoding=\"async\" class=\"wp-image-34640 aligncenter\" src=\"https:\/\/sola-poljane.splet.arnes.si\/files\/2023\/10\/GRAFIKA-2-Eva-Debeljak-Presenecenje_manjsa.jpg\" alt=\"\" width=\"619\" height=\"873\" srcset=\"https:\/\/sola-poljane.splet.arnes.si\/files\/2023\/10\/GRAFIKA-2-Eva-Debeljak-Presenecenje_manjsa.jpg 789w, https:\/\/sola-poljane.splet.arnes.si\/files\/2023\/10\/GRAFIKA-2-Eva-Debeljak-Presenecenje_manjsa-213x300.jpg 213w, https:\/\/sola-poljane.splet.arnes.si\/files\/2023\/10\/GRAFIKA-2-Eva-Debeljak-Presenecenje_manjsa-727x1024.jpg 727w, https:\/\/sola-poljane.splet.arnes.si\/files\/2023\/10\/GRAFIKA-2-Eva-Debeljak-Presenecenje_manjsa-768x1082.jpg 768w, https:\/\/sola-poljane.splet.arnes.si\/files\/2023\/10\/GRAFIKA-2-Eva-Debeljak-Presenecenje_manjsa-39x55.jpg 39w, https:\/\/sola-poljane.splet.arnes.si\/files\/2023\/10\/GRAFIKA-2-Eva-Debeljak-Presenecenje_manjsa-624x879.jpg 624w\" sizes=\"auto, (max-width: 619px) 100vw, 619px\" \/><\/a><\/p>\n<p style=\"text-align: center\"><em><strong>Eva Debeljak, 9. b<\/strong><\/em><\/p>\n","protected":false},"excerpt":{"rendered":"<p>Na 21. Bienalu otro\u0161ke grafike sta bila izdelka na\u0161ih u\u010denk [&hellip;]<\/p>\n","protected":false},"author":56163,"featured_media":34640,"comment_status":"closed","ping_status":"open","sticky":false,"template":"","format":"standard","meta":{"ngg_post_thumbnail":0,"footnotes":""},"categories":[55,37],"tags":[],"class_list":["post-34635","post","type-post","status-publish","format-standard","has-post-thumbnail","hentry","category-dogajanje","category-natecaji"],"_links":{"self":[{"href":"https:\/\/sola-poljane.splet.arnes.si\/index.php?rest_route=\/wp\/v2\/posts\/34635","targetHints":{"allow":["GET"]}}],"collection":[{"href":"https:\/\/sola-poljane.splet.arnes.si\/index.php?rest_route=\/wp\/v2\/posts"}],"about":[{"href":"https:\/\/sola-poljane.splet.arnes.si\/index.php?rest_route=\/wp\/v2\/types\/post"}],"author":[{"embeddable":true,"href":"https:\/\/sola-poljane.splet.arnes.si\/index.php?rest_route=\/wp\/v2\/users\/56163"}],"replies":[{"embeddable":true,"href":"https:\/\/sola-poljane.splet.arnes.si\/index.php?rest_route=%2Fwp%2Fv2%2Fcomments&post=34635"}],"version-history":[{"count":5,"href":"https:\/\/sola-poljane.splet.arnes.si\/index.php?rest_route=\/wp\/v2\/posts\/34635\/revisions"}],"predecessor-version":[{"id":34676,"href":"https:\/\/sola-poljane.splet.arnes.si\/index.php?rest_route=\/wp\/v2\/posts\/34635\/revisions\/34676"}],"wp:featuredmedia":[{"embeddable":true,"href":"https:\/\/sola-poljane.splet.arnes.si\/index.php?rest_route=\/wp\/v2\/media\/34640"}],"wp:attachment":[{"href":"https:\/\/sola-poljane.splet.arnes.si\/index.php?rest_route=%2Fwp%2Fv2%2Fmedia&parent=34635"}],"wp:term":[{"taxonomy":"category","embeddable":true,"href":"https:\/\/sola-poljane.splet.arnes.si\/index.php?rest_route=%2Fwp%2Fv2%2Fcategories&post=34635"},{"taxonomy":"post_tag","embeddable":true,"href":"https:\/\/sola-poljane.splet.arnes.si\/index.php?rest_route=%2Fwp%2Fv2%2Ftags&post=34635"}],"curies":[{"name":"wp","href":"https:\/\/api.w.org\/{rel}","templated":true}]}}