{"id":34566,"date":"2023-10-18T20:54:04","date_gmt":"2023-10-18T18:54:04","guid":{"rendered":"https:\/\/sola-poljane.splet.arnes.si\/?p=34566"},"modified":"2023-10-19T19:09:44","modified_gmt":"2023-10-19T17:09:44","slug":"sestosolci-na-dolenjskem-grad-bogensperk-in-samostan-sticna","status":"publish","type":"post","link":"https:\/\/sola-poljane.splet.arnes.si\/?p=34566","title":{"rendered":"\u0160esto\u0161olci na Dolenjskem \u2013 grad Bogen\u0161perk in samostan Sti\u010dna"},"content":{"rendered":"<p style=\"text-align: justify\">Pot je letos \u0161esto\u0161olce vodila na Dolenjsko. V meglenem jutru smo se pripeljali na <span style=\"color: #3366ff\"><strong>grad Bogen\u0161perk<\/strong><\/span>, kjer so si son\u010dni \u017earki \u017ee utirali pot do nas. Najprej smo si ogledali notranjost gradu. Vodi\u010dka nas je popeljala po hodnikih in razli\u010dnih sobah ter zanimivo pripovedovala o zgodovini gradu in njihovih prebivalcih. Ogledali smo si tudi poro\u010dno dvorano, skrivno grajsko sobo, debele knjige, dragoceno knji\u017eno omaro in tiskarsko delavnico. Izvedeli smo, da je na tem gradu bival tudi <span style=\"color: #3366ff\">Janez Vajkard Valvasor<\/span>, ki je napisal znamenito knjigo <span style=\"color: #3366ff\">Slava vojvodine Kranjske<\/span>.<br \/>\nPo ogledu smo imeli delavnico <span style=\"color: #3366ff\"><em>Grajski arhitekti<\/em><\/span>. Najprej smo ustvarili skico, nato pa v skupinah naredili maketo gradu iz papirja in papirnatih tulcev.<\/p>\n<p style=\"text-align: justify\">Pot smo nadaljevali do <strong><span style=\"color: #3366ff\">Sti\u010dne<\/span><\/strong>. Tam smo si ogledali <strong><span style=\"color: #3366ff\">samostan in muzej<\/span><\/strong>. Posebej zanimivo je bilo pokukati v jedilnico, kjer obedujejo sti\u0161ki menihi. Vsak teden je eden izmed menihov zadol\u017een, da med obroki sedi na posebnem balkon\u010dku \u2013 pri\u017enici in glasno bere ostalim. V jedilnici vlada popolna ti\u0161ina. Ogledali smo si tudi samostansko cerkev in v \u017eivo prisluhnili petju menihov. V samostanu imajo tudi lekarno, lastno pokopali\u0161\u010de in \u010dudovit kri\u017eni hodnik, po katerem smo se sprehodili.<br \/>\nPo ogledu je sledila <em><span style=\"color: #3366ff\">delavnica kaligrafije<\/span><\/em>. Preizkusili smo se v pisanju s kaligrafskim peresom. Najprej smo samo vadili, potem pa zapisali razli\u010dne latinske izreke. Nastali so res \u010dudoviti zapisi.<\/p>\n<p style=\"text-align: justify\">Polni novih spoznanj in lepih do\u017eivetij smo se vrnili nazaj v Poljane. &nbsp;&nbsp;<\/p>\n<p>&nbsp;<\/p>\n<p style=\"text-align: justify\"><span style=\"color: #ff6600\"><strong><em>U\u010denki 6. b, Tinkara Se\u010dnik in Ma\u0161a Bo\u017enar, sta ekskurzijo do\u017eiveli takole:&nbsp;<\/em><\/strong><\/span><\/p>\n<p style=\"text-align: justify\">V sredo, ob 7:15, smo v jedilnici prevzeli malico in ob 7:30 smo se z avtobusom odpeljali na Dolenjsko. Najprej smo se pripeljali do gradu Bogen\u0161perk in tam pomalicali. Po malici smo 6. b razred od\u0161li na ogled gradu, 6. a pa so od\u0161li na delavnico, kjer so delali maketo gradu. Potem sta se razreda zamenjala. Pomalicali smo prigrizke. Z avtobusom smo se zapeljali do samostana Sti\u010dna. Tam smo 6. b najprej od\u0161li na delavnico, kjer smo se u\u010dili kaligrafijo. To se je ve\u010dini u\u010dencev zdelo najbolje. Potem smo \u0161li na ogled samostana. Tam smo izvedeli <strong><span style=\"color: #3366ff\">legendo<\/span><\/strong>, ki se glasi takole:<\/p>\n<p style=\"text-align: justify\"><span style=\"color: #3366ff\"><em>Menihi so za\u010deli zidati samostan, a jim ni uspelo. Vedno se jim je podiral, dokler ni priletela \u010drna ptica in za\u010dela \u010divkati: \u00bbTukaj ga zgradite.\u00ab In res so ga zgradili tam. In nikoli se ni podrl \u2013 kljub vsem vojnam, potresom, napadom in kr\u0161itvam menihov. Zato je na grbu samostana Sti\u010dna narisana \u010drna ptica.<\/em><\/span><\/p>\n<p style=\"text-align: justify\">Vsi utrujeni smo od\u0161li na avtobus, ki nas je odpeljal domov. V Poljane smo prispeli ob 15:45, \u010dakali so nas \u017ee avtobusi, kombiji ali star\u0161i. Doma smo veselo pripovedovali, kaj smo po\u010deli in kako smo se imeli.<\/p>\n<p>&nbsp;<\/p>\n<p><em><strong>Mateja Nastran<\/strong><\/em><\/p>\n<p>&nbsp;<\/p>\nngg_shortcode_0_placeholder\nngg_shortcode_1_placeholder\n","protected":false},"excerpt":{"rendered":"<p>Pot je letos \u0161esto\u0161olce vodila na Dolenjsko. V meglenem jutru [&hellip;]<\/p>\n","protected":false},"author":56163,"featured_media":34631,"comment_status":"closed","ping_status":"open","sticky":false,"template":"","format":"standard","meta":{"ngg_post_thumbnail":0,"footnotes":""},"categories":[29,55,61],"tags":[],"class_list":["post-34566","post","type-post","status-publish","format-standard","has-post-thumbnail","hentry","category-dnevi-dejavnosti-3-triada","category-dogajanje","category-unesco"],"_links":{"self":[{"href":"https:\/\/sola-poljane.splet.arnes.si\/index.php?rest_route=\/wp\/v2\/posts\/34566","targetHints":{"allow":["GET"]}}],"collection":[{"href":"https:\/\/sola-poljane.splet.arnes.si\/index.php?rest_route=\/wp\/v2\/posts"}],"about":[{"href":"https:\/\/sola-poljane.splet.arnes.si\/index.php?rest_route=\/wp\/v2\/types\/post"}],"author":[{"embeddable":true,"href":"https:\/\/sola-poljane.splet.arnes.si\/index.php?rest_route=\/wp\/v2\/users\/56163"}],"replies":[{"embeddable":true,"href":"https:\/\/sola-poljane.splet.arnes.si\/index.php?rest_route=%2Fwp%2Fv2%2Fcomments&post=34566"}],"version-history":[{"count":4,"href":"https:\/\/sola-poljane.splet.arnes.si\/index.php?rest_route=\/wp\/v2\/posts\/34566\/revisions"}],"predecessor-version":[{"id":34630,"href":"https:\/\/sola-poljane.splet.arnes.si\/index.php?rest_route=\/wp\/v2\/posts\/34566\/revisions\/34630"}],"wp:featuredmedia":[{"embeddable":true,"href":"https:\/\/sola-poljane.splet.arnes.si\/index.php?rest_route=\/wp\/v2\/media\/34631"}],"wp:attachment":[{"href":"https:\/\/sola-poljane.splet.arnes.si\/index.php?rest_route=%2Fwp%2Fv2%2Fmedia&parent=34566"}],"wp:term":[{"taxonomy":"category","embeddable":true,"href":"https:\/\/sola-poljane.splet.arnes.si\/index.php?rest_route=%2Fwp%2Fv2%2Fcategories&post=34566"},{"taxonomy":"post_tag","embeddable":true,"href":"https:\/\/sola-poljane.splet.arnes.si\/index.php?rest_route=%2Fwp%2Fv2%2Ftags&post=34566"}],"curies":[{"name":"wp","href":"https:\/\/api.w.org\/{rel}","templated":true}]}}