{"id":34297,"date":"2023-10-14T08:19:42","date_gmt":"2023-10-14T06:19:42","guid":{"rendered":"https:\/\/sola-poljane.splet.arnes.si\/?p=34297"},"modified":"2023-10-14T14:55:55","modified_gmt":"2023-10-14T12:55:55","slug":"osmi-razred-v-celju","status":"publish","type":"post","link":"https:\/\/sola-poljane.splet.arnes.si\/?p=34297","title":{"rendered":"Osmi razred v Celju"},"content":{"rendered":"<p style=\"text-align: justify\">V sredo, 11. oktobra, smo jo osmi razredi mahnili <span style=\"color: #008000\"><strong>na \u0160tajersko<\/strong><\/span>. Po megleni Ljubljani&nbsp;nas je pri\u010dakalo s soncem obsijano <span style=\"color: #008000\">Celje<\/span>. Najprej smo zavili v <span style=\"color: #008000\">Pokrajinski muzej<\/span>, nato pa smo se povzpeli \u0161e na <span style=\"color: #008000\">Stari grad<\/span>. Zgovorna vodi\u010dka nam je pri\u010darala celjsko zgodovino tako slikovito, da so Rimljani in Celjski grofje s svojimi raznolikimi usodami za\u017eiveli pred na\u0161imi o\u010dmi.&nbsp;<\/p>\n<p style=\"text-align: justify\">Nazadnje smo obiskali <span style=\"color: #008000\">Jamo Pekel<\/span>, kjer smo se sprehodili po ozkih podzemnih hodnikih in se trudili poiskati kak\u0161no sled \u017eivljenja. Pred izhodom iz jame nas je tako pozdravil mali netopir\u010dek in nam (vsaj zdi se nam) za\u017eelel sre\u010dno pot nazaj v Poljane.<\/p>\n<p><strong><em>Barbara Levstek<\/em><\/strong><\/p>\n<p>&nbsp;<\/p>\nngg_shortcode_0_placeholder\n","protected":false},"excerpt":{"rendered":"<p>V sredo, 11. oktobra, smo jo osmi razredi mahnili na [&hellip;]<\/p>\n","protected":false},"author":56163,"featured_media":34306,"comment_status":"closed","ping_status":"open","sticky":false,"template":"","format":"standard","meta":{"ngg_post_thumbnail":0,"footnotes":""},"categories":[15,55,61],"tags":[],"class_list":["post-34297","post","type-post","status-publish","format-standard","has-post-thumbnail","hentry","category-dnevi-dejavnosti-2-triada","category-dogajanje","category-unesco"],"_links":{"self":[{"href":"https:\/\/sola-poljane.splet.arnes.si\/index.php?rest_route=\/wp\/v2\/posts\/34297","targetHints":{"allow":["GET"]}}],"collection":[{"href":"https:\/\/sola-poljane.splet.arnes.si\/index.php?rest_route=\/wp\/v2\/posts"}],"about":[{"href":"https:\/\/sola-poljane.splet.arnes.si\/index.php?rest_route=\/wp\/v2\/types\/post"}],"author":[{"embeddable":true,"href":"https:\/\/sola-poljane.splet.arnes.si\/index.php?rest_route=\/wp\/v2\/users\/56163"}],"replies":[{"embeddable":true,"href":"https:\/\/sola-poljane.splet.arnes.si\/index.php?rest_route=%2Fwp%2Fv2%2Fcomments&post=34297"}],"version-history":[{"count":4,"href":"https:\/\/sola-poljane.splet.arnes.si\/index.php?rest_route=\/wp\/v2\/posts\/34297\/revisions"}],"predecessor-version":[{"id":34378,"href":"https:\/\/sola-poljane.splet.arnes.si\/index.php?rest_route=\/wp\/v2\/posts\/34297\/revisions\/34378"}],"wp:featuredmedia":[{"embeddable":true,"href":"https:\/\/sola-poljane.splet.arnes.si\/index.php?rest_route=\/wp\/v2\/media\/34306"}],"wp:attachment":[{"href":"https:\/\/sola-poljane.splet.arnes.si\/index.php?rest_route=%2Fwp%2Fv2%2Fmedia&parent=34297"}],"wp:term":[{"taxonomy":"category","embeddable":true,"href":"https:\/\/sola-poljane.splet.arnes.si\/index.php?rest_route=%2Fwp%2Fv2%2Fcategories&post=34297"},{"taxonomy":"post_tag","embeddable":true,"href":"https:\/\/sola-poljane.splet.arnes.si\/index.php?rest_route=%2Fwp%2Fv2%2Ftags&post=34297"}],"curies":[{"name":"wp","href":"https:\/\/api.w.org\/{rel}","templated":true}]}}