{"id":34181,"date":"2023-10-13T20:36:04","date_gmt":"2023-10-13T18:36:04","guid":{"rendered":"https:\/\/sola-poljane.splet.arnes.si\/?p=34181"},"modified":"2024-06-26T18:39:28","modified_gmt":"2024-06-26T16:39:28","slug":"34181","status":"publish","type":"post","link":"https:\/\/sola-poljane.splet.arnes.si\/?p=34181","title":{"rendered":"Po Fabianijevih poteh \u2013 uvrstitev na\u0161ih u\u010denk v zlato kolekcijo"},"content":{"rendered":"<p style=\"text-align: justify\">U\u010denci na\u0161e \u0161ole so v 8. razredu izdelovali <strong><span style=\"color: #3366ff\">arhitekturne reliefe<\/span> <\/strong>po vzoru znanih <span style=\"color: #3366ff\">Ple\u010dnikovih stavb<\/span>.<\/p>\n<p style=\"text-align: justify\">Na <span style=\"color: #3366ff\">10. Mednarodnem bienalu otro\u0161kega prostorskega oblikovanja <strong>Po Fabianijevih poteh<\/strong><\/span> smo poslali dela <strong><span style=\"color: #ff6600\">Bla\u017eke Jesenko, Ivane Krek, Jerce Gantar, Katju\u0161e Bogataj, Nike Bo\u017enar<\/span> in dveh nekdanjih u\u010denk, <span style=\"color: #ff6600\">Maje \u0160ink<\/span> in <span style=\"color: #ff6600\">Nastje Tratnik<\/span>.<\/strong> Vsa poslana dela so se uvrstila v <strong><span style=\"color: #ff6600\">ZLATO KOLEKCIJO<\/span><\/strong>. U\u010denke, vklju\u010dene v zlato kolekcijo, prejmejo <strong><span style=\"color: #3366ff\">zlata priznanja<\/span><\/strong>.<\/p>\n<p style=\"text-align: justify\"><strong>Iskrene \u010destitke vsem u\u010denkam!<\/strong><\/p>\n<p><em><strong>Mentorica Mihaela \u017dakelj &#8211; Ogrin<\/strong><\/em><\/p>\n<p>&nbsp;<\/p>\n<p style=\"text-align: center\"><a href=\"https:\/\/sola-poljane.splet.arnes.si\/files\/2023\/10\/Po-Fabianijevih-poteh_202301.jpg\"><img loading=\"lazy\" decoding=\"async\" class=\" wp-image-34183 aligncenter\" src=\"https:\/\/sola-poljane.splet.arnes.si\/files\/2023\/10\/Po-Fabianijevih-poteh_202301.jpg\" alt=\"\" width=\"353\" height=\"765\" srcset=\"https:\/\/sola-poljane.splet.arnes.si\/files\/2023\/10\/Po-Fabianijevih-poteh_202301.jpg 277w, https:\/\/sola-poljane.splet.arnes.si\/files\/2023\/10\/Po-Fabianijevih-poteh_202301-139x300.jpg 139w, https:\/\/sola-poljane.splet.arnes.si\/files\/2023\/10\/Po-Fabianijevih-poteh_202301-25x55.jpg 25w\" sizes=\"auto, (max-width: 353px) 100vw, 353px\" \/><\/a><\/p>\n<p style=\"text-align: center\"><strong>ARHITEKTURA \u2013 izdelki u\u010denk in u\u010dencev 8. razreda<\/strong><\/p>\n<p>&nbsp;<\/p>\n<p><a href=\"https:\/\/sola-poljane.splet.arnes.si\/files\/2023\/10\/Po-Fabianijevih-poteh_202303-2.jpg\"><img loading=\"lazy\" decoding=\"async\" class=\"size-full wp-image-34190 aligncenter\" src=\"https:\/\/sola-poljane.splet.arnes.si\/files\/2023\/10\/Po-Fabianijevih-poteh_202303-2.jpg\" alt=\"\" width=\"330\" height=\"526\" srcset=\"https:\/\/sola-poljane.splet.arnes.si\/files\/2023\/10\/Po-Fabianijevih-poteh_202303-2.jpg 330w, https:\/\/sola-poljane.splet.arnes.si\/files\/2023\/10\/Po-Fabianijevih-poteh_202303-2-188x300.jpg 188w, https:\/\/sola-poljane.splet.arnes.si\/files\/2023\/10\/Po-Fabianijevih-poteh_202303-2-35x55.jpg 35w\" sizes=\"auto, (max-width: 330px) 100vw, 330px\" \/><\/a><\/p>\n<p style=\"text-align: center\"><strong>Katju\u0161a Bogataj in Nika Bo\u017enar: TRDNOST<\/strong><\/p>\n<p>&nbsp;<\/p>\n<p><a href=\"https:\/\/sola-poljane.splet.arnes.si\/files\/2023\/10\/Po-Fabianijevih-poteh_202302-1.jpg\"><img loading=\"lazy\" decoding=\"async\" class=\"size-full wp-image-34189 aligncenter\" src=\"https:\/\/sola-poljane.splet.arnes.si\/files\/2023\/10\/Po-Fabianijevih-poteh_202302-1.jpg\" alt=\"\" width=\"662\" height=\"540\" srcset=\"https:\/\/sola-poljane.splet.arnes.si\/files\/2023\/10\/Po-Fabianijevih-poteh_202302-1.jpg 662w, https:\/\/sola-poljane.splet.arnes.si\/files\/2023\/10\/Po-Fabianijevih-poteh_202302-1-300x245.jpg 300w, https:\/\/sola-poljane.splet.arnes.si\/files\/2023\/10\/Po-Fabianijevih-poteh_202302-1-67x55.jpg 67w, https:\/\/sola-poljane.splet.arnes.si\/files\/2023\/10\/Po-Fabianijevih-poteh_202302-1-624x509.jpg 624w\" sizes=\"auto, (max-width: 662px) 100vw, 662px\" \/><\/a><\/p>\n<p style=\"text-align: center\"><strong>Maja \u0160ink in Nastja Tratnik: PARLAMENT<\/strong><\/p>\n<p>&nbsp;<\/p>\n<p><a href=\"https:\/\/sola-poljane.splet.arnes.si\/files\/2023\/10\/Po-Fabianijevih-poteh_202304-2.jpg\"><img loading=\"lazy\" decoding=\"async\" class=\"size-full wp-image-34191 aligncenter\" src=\"https:\/\/sola-poljane.splet.arnes.si\/files\/2023\/10\/Po-Fabianijevih-poteh_202304-2.jpg\" alt=\"\" width=\"717\" height=\"447\" srcset=\"https:\/\/sola-poljane.splet.arnes.si\/files\/2023\/10\/Po-Fabianijevih-poteh_202304-2.jpg 717w, https:\/\/sola-poljane.splet.arnes.si\/files\/2023\/10\/Po-Fabianijevih-poteh_202304-2-300x187.jpg 300w, https:\/\/sola-poljane.splet.arnes.si\/files\/2023\/10\/Po-Fabianijevih-poteh_202304-2-88x55.jpg 88w, https:\/\/sola-poljane.splet.arnes.si\/files\/2023\/10\/Po-Fabianijevih-poteh_202304-2-624x389.jpg 624w\" sizes=\"auto, (max-width: 717px) 100vw, 717px\" \/><\/a><\/p>\n<p style=\"text-align: center\"><strong>Bla\u017eka Jesenko, Ivana Krek in Jerca Gantar: TR\u017dNICA<\/strong><\/p>\n","protected":false},"excerpt":{"rendered":"<p>U\u010denci na\u0161e \u0161ole so v 8. razredu izdelovali arhitekturne reliefe [&hellip;]<\/p>\n","protected":false},"author":56163,"featured_media":34196,"comment_status":"closed","ping_status":"open","sticky":false,"template":"","format":"standard","meta":{"ngg_post_thumbnail":0,"footnotes":""},"categories":[55,37,61],"tags":[],"class_list":["post-34181","post","type-post","status-publish","format-standard","has-post-thumbnail","hentry","category-dogajanje","category-natecaji","category-unesco"],"_links":{"self":[{"href":"https:\/\/sola-poljane.splet.arnes.si\/index.php?rest_route=\/wp\/v2\/posts\/34181","targetHints":{"allow":["GET"]}}],"collection":[{"href":"https:\/\/sola-poljane.splet.arnes.si\/index.php?rest_route=\/wp\/v2\/posts"}],"about":[{"href":"https:\/\/sola-poljane.splet.arnes.si\/index.php?rest_route=\/wp\/v2\/types\/post"}],"author":[{"embeddable":true,"href":"https:\/\/sola-poljane.splet.arnes.si\/index.php?rest_route=\/wp\/v2\/users\/56163"}],"replies":[{"embeddable":true,"href":"https:\/\/sola-poljane.splet.arnes.si\/index.php?rest_route=%2Fwp%2Fv2%2Fcomments&post=34181"}],"version-history":[{"count":10,"href":"https:\/\/sola-poljane.splet.arnes.si\/index.php?rest_route=\/wp\/v2\/posts\/34181\/revisions"}],"predecessor-version":[{"id":40750,"href":"https:\/\/sola-poljane.splet.arnes.si\/index.php?rest_route=\/wp\/v2\/posts\/34181\/revisions\/40750"}],"wp:featuredmedia":[{"embeddable":true,"href":"https:\/\/sola-poljane.splet.arnes.si\/index.php?rest_route=\/wp\/v2\/media\/34196"}],"wp:attachment":[{"href":"https:\/\/sola-poljane.splet.arnes.si\/index.php?rest_route=%2Fwp%2Fv2%2Fmedia&parent=34181"}],"wp:term":[{"taxonomy":"category","embeddable":true,"href":"https:\/\/sola-poljane.splet.arnes.si\/index.php?rest_route=%2Fwp%2Fv2%2Fcategories&post=34181"},{"taxonomy":"post_tag","embeddable":true,"href":"https:\/\/sola-poljane.splet.arnes.si\/index.php?rest_route=%2Fwp%2Fv2%2Ftags&post=34181"}],"curies":[{"name":"wp","href":"https:\/\/api.w.org\/{rel}","templated":true}]}}