{"id":34137,"date":"2023-10-11T14:41:54","date_gmt":"2023-10-11T12:41:54","guid":{"rendered":"https:\/\/sola-poljane.splet.arnes.si\/?p=34137"},"modified":"2023-10-12T11:36:14","modified_gmt":"2023-10-12T09:36:14","slug":"drzavno-prvenstvo-v-orientaciji-ekipno-prvo-mesto-ucenk","status":"publish","type":"post","link":"https:\/\/sola-poljane.splet.arnes.si\/?p=34137","title":{"rendered":"Dr\u017eavno prvenstvo v orientaciji \u2013 ekipno prvo mesto u\u010denk!"},"content":{"rendered":"<p style=\"text-align: justify\">V torek, 10. oktobra 2023, je v Ljubljani pod Ro\u017enikom potekalo <strong><span style=\"color: #008000\">dr\u017eavno tekmovanje v orientacijskem teku za osnovne in srednje \u0161ole<\/span>.<\/strong> Tekmovanja se je tokrat udele\u017eilo preko <span style=\"color: #008000\">15 osnovnih \u0161ol<\/span> in \u0161e nekaj srednjih \u0161ol. Tako kot v preteklosti je bilo tudi letos na \u0161tartu preko <span style=\"color: #008000\">250 u\u010dencev<\/span>. Uspe\u0161ni smo bili tudi letos, saj je <span style=\"color: #ff6600\"><strong>Maru\u0161a \u0160ubic<\/strong><\/span> zasedla <span style=\"color: #ff6600\">3. mesto v kategoriji C<\/span>.&nbsp;<br \/>\nTudi letos so bile proge v najbolj \u0161tevil\u010dnih kategorijah, to sta B in C, zapeljane v metulj\u010dka, kar pomeni, da so imeli tekmovalci del poti zapeljan v razli\u010dne smeri in je bilo s tem sledenje drugemu sotekmovalcu onemogo\u010deno. S tem so prepre\u010dili skupinsko iskanje to\u010dk.<\/p>\n<p style=\"text-align: justify\">Med u\u010denci kategorije C je bil edini tekmovalec z na\u0161e \u0161ole <strong><span style=\"color: #ff6600\">\u0110or\u0111e Devi\u0107<\/span><\/strong>, ki se je boril za stopni\u010dke in bi ob pravilnem bele\u017eenju kontrole 55 zagotovo pristal na njih.<\/p>\n<p style=\"text-align: justify\">Med u\u010denkami kategorije C so <span style=\"color: #3366ff\"><strong>ekipno prvo mesto<\/strong><\/span> osvojile <strong><span style=\"color: #ff6600\">Maru\u0161a \u0160ubic, Veronika Pisk<\/span><\/strong> in <span style=\"color: #ff6600\"><strong>Nika Bo\u017enar<\/strong><\/span> in za seboj pustile ekipe 14 \u0161ol.<br \/>\nV kategoriji B sta nastopili dve u\u010denki \u2013 <span style=\"color: #ff6600\"><strong>Tinkara Cankar<\/strong><\/span> je zasedla 6. mesto in <strong><span style=\"color: #ff6600\">Izabela Strel<\/span><\/strong>, ki je debitirala, odli\u010dno 15. mesto. Ekipno sta u\u010denki, \u010deprav samo dve, zasedli 4. mesto med 14 \u0161olami.&nbsp;<\/p>\n<p style=\"text-align: justify\">Razmere za tekmovanje so bile odli\u010dne. Teren, na katerem je potekala proga, je bil podoben na\u0161emu terenu, a mogo\u010de \u0161e bolj razgiban. Tu pa tam pa so bili \u0161e posebni objekti glede na to, da smo se orientirali po sprehajalnem delu Ro\u017enika, ki je v neposredni bli\u017eini sredi\u0161\u010da Ljubljane.<\/p>\n<p style=\"text-align: justify\">Pohvalim lahko vse sodelujo\u010de u\u010denke in u\u010denca za uvrstitve in odlo\u010dnost. Pokazali so velik napredek. Naj bo to tudi spodbuda za naprej.<\/p>\n<p style=\"text-align: justify\"><span style=\"color: #008000\"><strong>Vabim tudi vse, ki vas zanima orientacijski tek, da se nam pridru\u017eite!<\/strong><\/span><\/p>\n<p style=\"text-align: justify\"><em><strong>Mentor: Ale\u0161 Mrak<\/strong><\/em><\/p>\n<p>&nbsp;<\/p>\nngg_shortcode_0_placeholder\n","protected":false},"excerpt":{"rendered":"<p>V torek, 10. oktobra 2023, je v Ljubljani pod Ro\u017enikom [&hellip;]<\/p>\n","protected":false},"author":56163,"featured_media":34149,"comment_status":"closed","ping_status":"open","sticky":false,"template":"","format":"standard","meta":{"ngg_post_thumbnail":0,"footnotes":""},"categories":[55,59],"tags":[],"class_list":["post-34137","post","type-post","status-publish","format-standard","has-post-thumbnail","hentry","category-dogajanje","category-sportna-tekmovanja"],"_links":{"self":[{"href":"https:\/\/sola-poljane.splet.arnes.si\/index.php?rest_route=\/wp\/v2\/posts\/34137","targetHints":{"allow":["GET"]}}],"collection":[{"href":"https:\/\/sola-poljane.splet.arnes.si\/index.php?rest_route=\/wp\/v2\/posts"}],"about":[{"href":"https:\/\/sola-poljane.splet.arnes.si\/index.php?rest_route=\/wp\/v2\/types\/post"}],"author":[{"embeddable":true,"href":"https:\/\/sola-poljane.splet.arnes.si\/index.php?rest_route=\/wp\/v2\/users\/56163"}],"replies":[{"embeddable":true,"href":"https:\/\/sola-poljane.splet.arnes.si\/index.php?rest_route=%2Fwp%2Fv2%2Fcomments&post=34137"}],"version-history":[{"count":4,"href":"https:\/\/sola-poljane.splet.arnes.si\/index.php?rest_route=\/wp\/v2\/posts\/34137\/revisions"}],"predecessor-version":[{"id":34172,"href":"https:\/\/sola-poljane.splet.arnes.si\/index.php?rest_route=\/wp\/v2\/posts\/34137\/revisions\/34172"}],"wp:featuredmedia":[{"embeddable":true,"href":"https:\/\/sola-poljane.splet.arnes.si\/index.php?rest_route=\/wp\/v2\/media\/34149"}],"wp:attachment":[{"href":"https:\/\/sola-poljane.splet.arnes.si\/index.php?rest_route=%2Fwp%2Fv2%2Fmedia&parent=34137"}],"wp:term":[{"taxonomy":"category","embeddable":true,"href":"https:\/\/sola-poljane.splet.arnes.si\/index.php?rest_route=%2Fwp%2Fv2%2Fcategories&post=34137"},{"taxonomy":"post_tag","embeddable":true,"href":"https:\/\/sola-poljane.splet.arnes.si\/index.php?rest_route=%2Fwp%2Fv2%2Ftags&post=34137"}],"curies":[{"name":"wp","href":"https:\/\/api.w.org\/{rel}","templated":true}]}}