{"id":34055,"date":"2023-10-08T21:52:00","date_gmt":"2023-10-08T19:52:00","guid":{"rendered":"https:\/\/sola-poljane.splet.arnes.si\/?p=34055"},"modified":"2023-10-14T06:38:50","modified_gmt":"2023-10-14T04:38:50","slug":"kulturni-dan-dejavnosti-ob-tednu-otroka","status":"publish","type":"post","link":"https:\/\/sola-poljane.splet.arnes.si\/?p=34055","title":{"rendered":"Kulturni dan \u2013\u00a0dejavnosti ob tednu otroka"},"content":{"rendered":"<p><strong><span style=\"color: #ff6600\">V tednu otroka so u\u010denci 1. triletja izvedli nekaj zanimivih dejavnosti.<\/span><\/strong><\/p>\n<p style=\"text-align: justify\">U\u010denci so obiskali <span style=\"color: #ff6600\">u\u010diteljico Tino Kolenc, u\u010diteljico kemije<\/span>. Prikazala jim je nekaj enostavnih in zanimivih eksperimentov.<br \/>\nZ izvedbami eksperimentov so nadaljevali v svojih u\u010dilnicah.<\/p>\n<p style=\"text-align: justify\">Nato je sledil \u0161e <span style=\"color: #ff6600\">\u00bbTek mo\u017egan\u010dkov\u00ab<\/span>. U\u010denci so na postajah izvedeli veliko novih, zanimivih podatkov. Nova znanja so jim predajali osmo\u0161olci in deveto\u0161olci.<\/p>\n<p style=\"text-align: justify\"><em><strong>\u017diva Bogataj<\/strong><\/em><\/p>\n<p>&nbsp;<\/p>\n<p style=\"text-align: center\"><span style=\"color: #ff6600\"><strong>1. razred<\/strong><\/span><\/p>\nngg_shortcode_0_placeholder\n<p style=\"text-align: center\"><span style=\"color: #ff6600\"><strong>2. razred<\/strong><\/span><\/p>\n<p style=\"text-align: justify\"><strong>V duhu tedna otroka smo u\u010denci raziskovali, opazovali poskuse in tekli po postajah, kjer so potrdili svoje znanje ali pa se nau\u010dili nekaj novega.<\/strong><\/p>\n<p style=\"text-align: justify\"><strong>Tukaj je zbranih nekaj kratkih vtisov u\u010dencev <span style=\"color: #ff6600\">2. b:<\/span><\/strong><\/p>\n<p style=\"text-align: justify\"><span style=\"color: #3366ff\"><em>Ta dan mi je bil zelo v\u0161e\u010d. (Hana \u010cade\u017e)<\/em><\/span><br \/>\n<span style=\"color: #3366ff\"><em>Zelo mi je bilo v\u0161e\u010d. (Aleksander Dolenec, 2. b)<\/em><\/span><br \/>\n<span style=\"color: #3366ff\"><em>V\u0161e\u010d mi je bilo, ko smo tekli. Zelo mi je bilo v\u0161e\u010d, ko smo tekli po postajah. (Klemen Miklav\u010di\u010d)<\/em><\/span><br \/>\n<span style=\"color: #3366ff\"><em>Vse mi je bilo v\u0161e\u010d. (Izak Tom\u0161i\u010d)<\/em><\/span><br \/>\n<span style=\"color: #3366ff\"><em>Najlep\u0161e mi je bilo, ko smo tekli&nbsp; in zbirali \u0161tampiljke. (Ro\u017ele Kova\u010di\u010d)<\/em><\/span><\/p>\n<p>&nbsp;<\/p>\n<p><strong>U\u010dencem <span style=\"color: #ff6600\">2. a<\/span> je bilo najbolj v\u0161e\u010d, da:<\/strong><\/p>\n<ul>\n<li><span style=\"color: #3366ff\"><em>so tekli (Ana Kos, Matic Kovi\u010d, Monika Oblak, Matija Prijatelj, Cene Tratnik),<\/em><\/span><\/li>\n<li><span style=\"color: #3366ff\"><em>so tekli po postajah (Eva Stanonik, Tibor Strel),<\/em><\/span><\/li>\n<li><span style=\"color: #3366ff\"><em>smo bili zunaj (Urban Kav\u010di\u010d, Ajda Nastran),<\/em><\/span><\/li>\n<li><span style=\"color: #3366ff\"><em>smo \u0161li na sprehod (Uro\u0161 Stanonik, Marcel \u0160ubic),<\/em><\/span><\/li>\n<li><span style=\"color: #3366ff\"><em>smo delali poskuse (Natalija Buh, Eli Krek, Tian Novak, Manca Oblak, David Pisk, Klara Prebil, Lucija \u0160ink),<\/em><\/span><\/li>\n<li><span style=\"color: #3366ff\"><em>smo se zabavali (Damijan Stanonik).<\/em><\/span><\/li>\n<\/ul>\nngg_shortcode_1_placeholder\n<p><a href=\"https:\/\/sola-poljane.splet.arnes.si\/files\/2023\/10\/Poskusi-magnetno-delovanje-1.jpg\">&nbsp; &nbsp;<img loading=\"lazy\" decoding=\"async\" class=\"alignnone wp-image-34233\" src=\"https:\/\/sola-poljane.splet.arnes.si\/files\/2023\/10\/Poskusi-magnetno-delovanje-1-576x1024.jpg\" alt=\"\" width=\"225\" height=\"400\" srcset=\"https:\/\/sola-poljane.splet.arnes.si\/files\/2023\/10\/Poskusi-magnetno-delovanje-1-576x1024.jpg 576w, https:\/\/sola-poljane.splet.arnes.si\/files\/2023\/10\/Poskusi-magnetno-delovanje-1-169x300.jpg 169w, https:\/\/sola-poljane.splet.arnes.si\/files\/2023\/10\/Poskusi-magnetno-delovanje-1-768x1365.jpg 768w, https:\/\/sola-poljane.splet.arnes.si\/files\/2023\/10\/Poskusi-magnetno-delovanje-1-31x55.jpg 31w, https:\/\/sola-poljane.splet.arnes.si\/files\/2023\/10\/Poskusi-magnetno-delovanje-1-624x1109.jpg 624w, https:\/\/sola-poljane.splet.arnes.si\/files\/2023\/10\/Poskusi-magnetno-delovanje-1.jpg 800w\" sizes=\"auto, (max-width: 225px) 100vw, 225px\" \/>&nbsp; &nbsp; &nbsp;<\/a><a href=\"https:\/\/sola-poljane.splet.arnes.si\/files\/2023\/10\/Poskusi-prebodena-vrecka-vode-1.jpg\"><img loading=\"lazy\" decoding=\"async\" class=\"alignnone wp-image-34235\" src=\"https:\/\/sola-poljane.splet.arnes.si\/files\/2023\/10\/Poskusi-prebodena-vrecka-vode-1-576x1024.jpg\" alt=\"\" width=\"225\" height=\"400\" srcset=\"https:\/\/sola-poljane.splet.arnes.si\/files\/2023\/10\/Poskusi-prebodena-vrecka-vode-1-576x1024.jpg 576w, https:\/\/sola-poljane.splet.arnes.si\/files\/2023\/10\/Poskusi-prebodena-vrecka-vode-1-169x300.jpg 169w, https:\/\/sola-poljane.splet.arnes.si\/files\/2023\/10\/Poskusi-prebodena-vrecka-vode-1-768x1365.jpg 768w, https:\/\/sola-poljane.splet.arnes.si\/files\/2023\/10\/Poskusi-prebodena-vrecka-vode-1-31x55.jpg 31w, https:\/\/sola-poljane.splet.arnes.si\/files\/2023\/10\/Poskusi-prebodena-vrecka-vode-1-624x1109.jpg 624w, https:\/\/sola-poljane.splet.arnes.si\/files\/2023\/10\/Poskusi-prebodena-vrecka-vode-1.jpg 800w\" sizes=\"auto, (max-width: 225px) 100vw, 225px\" \/>&nbsp;<\/a><a href=\"https:\/\/sola-poljane.splet.arnes.si\/files\/2023\/10\/Poskusi-voda-izteka-ali-pa-tudi-ne-1.jpg\"><img loading=\"lazy\" decoding=\"async\" class=\"alignnone wp-image-34236 alignleft\" src=\"https:\/\/sola-poljane.splet.arnes.si\/files\/2023\/10\/Poskusi-voda-izteka-ali-pa-tudi-ne-1-576x1024.jpg\" alt=\"\" width=\"223\" height=\"396\" srcset=\"https:\/\/sola-poljane.splet.arnes.si\/files\/2023\/10\/Poskusi-voda-izteka-ali-pa-tudi-ne-1-576x1024.jpg 576w, https:\/\/sola-poljane.splet.arnes.si\/files\/2023\/10\/Poskusi-voda-izteka-ali-pa-tudi-ne-1-169x300.jpg 169w, https:\/\/sola-poljane.splet.arnes.si\/files\/2023\/10\/Poskusi-voda-izteka-ali-pa-tudi-ne-1-768x1365.jpg 768w, https:\/\/sola-poljane.splet.arnes.si\/files\/2023\/10\/Poskusi-voda-izteka-ali-pa-tudi-ne-1-31x55.jpg 31w, https:\/\/sola-poljane.splet.arnes.si\/files\/2023\/10\/Poskusi-voda-izteka-ali-pa-tudi-ne-1-624x1109.jpg 624w, https:\/\/sola-poljane.splet.arnes.si\/files\/2023\/10\/Poskusi-voda-izteka-ali-pa-tudi-ne-1.jpg 800w\" sizes=\"auto, (max-width: 223px) 100vw, 223px\" \/><\/a><\/p>\n<p style=\"text-align: center\"><strong>Poskusi: magnetno delovanje, voda izteka (ali pa tudi ne), prevodena vre\u010dka vode&nbsp;<\/strong><\/p>\n<p>&nbsp;<\/p>\n<p><a href=\"https:\/\/sola-poljane.splet.arnes.si\/files\/2023\/10\/Poskusi-mesanje-barv-mavrica-magnet-1.jpg\"><img loading=\"lazy\" decoding=\"async\" class=\"wp-image-34234 aligncenter\" src=\"https:\/\/sola-poljane.splet.arnes.si\/files\/2023\/10\/Poskusi-mesanje-barv-mavrica-magnet-1.jpg\" alt=\"\" width=\"495\" height=\"279\" srcset=\"https:\/\/sola-poljane.splet.arnes.si\/files\/2023\/10\/Poskusi-mesanje-barv-mavrica-magnet-1.jpg 800w, https:\/\/sola-poljane.splet.arnes.si\/files\/2023\/10\/Poskusi-mesanje-barv-mavrica-magnet-1-300x169.jpg 300w, https:\/\/sola-poljane.splet.arnes.si\/files\/2023\/10\/Poskusi-mesanje-barv-mavrica-magnet-1-768x432.jpg 768w, https:\/\/sola-poljane.splet.arnes.si\/files\/2023\/10\/Poskusi-mesanje-barv-mavrica-magnet-1-98x55.jpg 98w, https:\/\/sola-poljane.splet.arnes.si\/files\/2023\/10\/Poskusi-mesanje-barv-mavrica-magnet-1-624x351.jpg 624w\" sizes=\"auto, (max-width: 495px) 100vw, 495px\" \/><\/a><\/p>\n<p style=\"text-align: center\"><strong>Poskusi: me\u0161anje barv, mavrica, magnet<\/strong><\/p>\n<p>&nbsp;<\/p>\n<p style=\"text-align: center\"><span style=\"color: #ff6600\"><strong>3. razred<\/strong><\/span><\/p>\n<p style=\"text-align: justify\"><span style=\"color: #3366ff\"><strong>U\u010dence 3. b <span style=\"color: #000000\">je razredni\u010darka povpra\u0161ala, kak\u0161en se jim je zdel tak kulturni dan. Takole so takole strnili svoje vtise:<\/span><\/strong><\/span><\/p>\n<p><span style=\"color: #3366ff\"><em>Bilo je super. Naredili smo poskus, odgovarjali na vpra\u0161anja, tekli po postajah in igrali med dvema ognjema. (Lucija)<\/em><\/span><br \/>\n<span style=\"color: #3366ff\"><em>Vse v dana\u0161njem dnevu mi je bilo zelo v\u0161e\u010d. (Ema)<\/em><\/span><br \/>\n<span style=\"color: #3366ff\"><em>Dana\u0161nji dan je bil zelo zabaven in zanimiv. Bilo je zelo dobro. Hvala za ta kulturni dan. (Ga\u0161per)<\/em><\/span><br \/>\n<span style=\"color: #3366ff\"><em>Bilo je zelo dobro, odli\u010dno! (Ian, Teodor, Tine T.)<\/em><\/span><br \/>\n<span style=\"color: #3366ff\"><em>Naredili smo zelo dober poskus. Dobro je bilo te\u010di in igrati med dvema ognjema. (Filip)<\/em><\/span><br \/>\n<span style=\"color: #3366ff\"><em>V\u0161e\u010d mi je bilo, ko smo tekli po postajah. (Ne\u017ea, Tine G.)<\/em><\/span><br \/>\n<span style=\"color: #3366ff\"><em>Imeli smo se zelo lepo. (Nejc)<\/em><\/span><br \/>\n<span style=\"color: #3366ff\"><em>Igrali smo se, tekli, re\u0161evali vpra\u0161anja, brali in veliko drugih stvari. (Agata)<\/em><\/span><br \/>\n<span style=\"color: #3366ff\"><em>Danes sem tekla in pisala odgovore na vpra\u0161anja, ki jih je zastavila u\u010diteljica. (Iza)<\/em><\/span><\/p>\n<p>&nbsp;<\/p>\nngg_shortcode_2_placeholder\n","protected":false},"excerpt":{"rendered":"<p>V tednu otroka so u\u010denci 1. triletja izvedli nekaj zanimivih [&hellip;]<\/p>\n","protected":false},"author":56163,"featured_media":34134,"comment_status":"closed","ping_status":"open","sticky":false,"template":"","format":"standard","meta":{"ngg_post_thumbnail":0,"footnotes":""},"categories":[7,55,61],"tags":[],"class_list":["post-34055","post","type-post","status-publish","format-standard","has-post-thumbnail","hentry","category-dnevi-dejavnosti","category-dogajanje","category-unesco"],"_links":{"self":[{"href":"https:\/\/sola-poljane.splet.arnes.si\/index.php?rest_route=\/wp\/v2\/posts\/34055","targetHints":{"allow":["GET"]}}],"collection":[{"href":"https:\/\/sola-poljane.splet.arnes.si\/index.php?rest_route=\/wp\/v2\/posts"}],"about":[{"href":"https:\/\/sola-poljane.splet.arnes.si\/index.php?rest_route=\/wp\/v2\/types\/post"}],"author":[{"embeddable":true,"href":"https:\/\/sola-poljane.splet.arnes.si\/index.php?rest_route=\/wp\/v2\/users\/56163"}],"replies":[{"embeddable":true,"href":"https:\/\/sola-poljane.splet.arnes.si\/index.php?rest_route=%2Fwp%2Fv2%2Fcomments&post=34055"}],"version-history":[{"count":14,"href":"https:\/\/sola-poljane.splet.arnes.si\/index.php?rest_route=\/wp\/v2\/posts\/34055\/revisions"}],"predecessor-version":[{"id":34246,"href":"https:\/\/sola-poljane.splet.arnes.si\/index.php?rest_route=\/wp\/v2\/posts\/34055\/revisions\/34246"}],"wp:featuredmedia":[{"embeddable":true,"href":"https:\/\/sola-poljane.splet.arnes.si\/index.php?rest_route=\/wp\/v2\/media\/34134"}],"wp:attachment":[{"href":"https:\/\/sola-poljane.splet.arnes.si\/index.php?rest_route=%2Fwp%2Fv2%2Fmedia&parent=34055"}],"wp:term":[{"taxonomy":"category","embeddable":true,"href":"https:\/\/sola-poljane.splet.arnes.si\/index.php?rest_route=%2Fwp%2Fv2%2Fcategories&post=34055"},{"taxonomy":"post_tag","embeddable":true,"href":"https:\/\/sola-poljane.splet.arnes.si\/index.php?rest_route=%2Fwp%2Fv2%2Ftags&post=34055"}],"curies":[{"name":"wp","href":"https:\/\/api.w.org\/{rel}","templated":true}]}}