{"id":34018,"date":"2023-10-07T18:58:02","date_gmt":"2023-10-07T16:58:02","guid":{"rendered":"https:\/\/sola-poljane.splet.arnes.si\/?p=34018"},"modified":"2023-10-07T18:58:02","modified_gmt":"2023-10-07T16:58:02","slug":"bralne-minutke-2023","status":"publish","type":"post","link":"https:\/\/sola-poljane.splet.arnes.si\/?p=34018","title":{"rendered":"Bralne minutke 2023"},"content":{"rendered":"<p style=\"text-align: justify\">V tednu od 2. do 6. oktobra smo na O\u0160 Poljane izvedli BRALNE MINUTKE. Kar nekaj razlogov obstaja, da smo izbrali prav ta teden:<\/p>\n<p style=\"text-align: justify\"><span style=\"color: #ffcc00\">1. teden v oktobru<\/span> \u2013 <span style=\"color: #3366ff\">TEDEN OTROKA<\/span><\/p>\n<p style=\"text-align: justify\"><span style=\"color: #ffcc00\">MESEC OKTOBER<\/span> \u2013 <span style=\"color: #3366ff\">MEDNARODNI MESEC \u0160OLSKIH KNJI\u017dNIC<\/span><\/p>\n<p style=\"text-align: justify\"><span style=\"color: #ffcc00\">8. september do 8. oktober 2023<\/span> \u2013 <span style=\"color: #3366ff\">NACIONALNI MESEC SKUPNEGA BRANJA, <\/span>ki nosi skupno geslo \u2013 <span style=\"color: #339966\"><strong>BEREMO SKUPAJ.<\/strong><\/span><\/p>\n<p style=\"text-align: justify\"><span style=\"color: #000000\">To geslo se res dobro prilega na\u0161im bralnim minutkam.&nbsp;<\/span><\/p>\n<p><strong><span style=\"color: #000000\"><span style=\"text-decoration: underline\">Kako so potekale tokratne bralne minutke<\/span>:<\/span><\/strong><\/p>\n<p style=\"text-align: justify\"><span style=\"color: #000000\"><strong><span style=\"color: #339966\">Beremo vsi, beremo skupaj, beremo kar koli po lastni izbiri.<\/span><\/strong> U\u010denci so lahko izbirali med pripravljenimi knjigami in revijami v u\u010dilnici ali pa so sami prinesli branje.<br \/>\n<\/span><span style=\"color: #000000\">Brali smo prvih 10 minut prve ure in zadnjih 10 minut tretje ure. Na za\u010detek in konec branja nas je spomnil \u0161olski zvonec, oziroma u\u010denke, ki so prebrale knji\u017eno uganko. Uganke so u\u010denci vneto re\u0161evali v knji\u017enici s pomo\u010djo plakata in razstavljenih knjig.&nbsp;<br \/>\n<\/span><span style=\"color: #000000\">Med drugim so iskali <span style=\"color: #3366ff\">razloge ZA<\/span> <span style=\"color: #3366ff\">in PROTI branju<\/span>. Upamo, da so na\u0161li ve\u010d tistih <span style=\"color: #339966\"><strong>ZA<\/strong><\/span>.<\/span><\/p>\n<p><em><strong>Majda Bernik, knji\u017eni\u010darka<\/strong><\/em><\/p>\n<p>&nbsp;<\/p>\nngg_shortcode_0_placeholder\n","protected":false},"excerpt":{"rendered":"<p>V tednu od 2. do 6. oktobra smo na O\u0160 [&hellip;]<\/p>\n","protected":false},"author":56163,"featured_media":34047,"comment_status":"closed","ping_status":"open","sticky":false,"template":"","format":"standard","meta":{"ngg_post_thumbnail":0,"footnotes":""},"categories":[55,23],"tags":[],"class_list":["post-34018","post","type-post","status-publish","format-standard","has-post-thumbnail","hentry","category-dogajanje","category-ostale-kategorije"],"_links":{"self":[{"href":"https:\/\/sola-poljane.splet.arnes.si\/index.php?rest_route=\/wp\/v2\/posts\/34018","targetHints":{"allow":["GET"]}}],"collection":[{"href":"https:\/\/sola-poljane.splet.arnes.si\/index.php?rest_route=\/wp\/v2\/posts"}],"about":[{"href":"https:\/\/sola-poljane.splet.arnes.si\/index.php?rest_route=\/wp\/v2\/types\/post"}],"author":[{"embeddable":true,"href":"https:\/\/sola-poljane.splet.arnes.si\/index.php?rest_route=\/wp\/v2\/users\/56163"}],"replies":[{"embeddable":true,"href":"https:\/\/sola-poljane.splet.arnes.si\/index.php?rest_route=%2Fwp%2Fv2%2Fcomments&post=34018"}],"version-history":[{"count":4,"href":"https:\/\/sola-poljane.splet.arnes.si\/index.php?rest_route=\/wp\/v2\/posts\/34018\/revisions"}],"predecessor-version":[{"id":34046,"href":"https:\/\/sola-poljane.splet.arnes.si\/index.php?rest_route=\/wp\/v2\/posts\/34018\/revisions\/34046"}],"wp:featuredmedia":[{"embeddable":true,"href":"https:\/\/sola-poljane.splet.arnes.si\/index.php?rest_route=\/wp\/v2\/media\/34047"}],"wp:attachment":[{"href":"https:\/\/sola-poljane.splet.arnes.si\/index.php?rest_route=%2Fwp%2Fv2%2Fmedia&parent=34018"}],"wp:term":[{"taxonomy":"category","embeddable":true,"href":"https:\/\/sola-poljane.splet.arnes.si\/index.php?rest_route=%2Fwp%2Fv2%2Fcategories&post=34018"},{"taxonomy":"post_tag","embeddable":true,"href":"https:\/\/sola-poljane.splet.arnes.si\/index.php?rest_route=%2Fwp%2Fv2%2Ftags&post=34018"}],"curies":[{"name":"wp","href":"https:\/\/api.w.org\/{rel}","templated":true}]}}