{"id":33773,"date":"2023-09-28T21:49:04","date_gmt":"2023-09-28T19:49:04","guid":{"rendered":"https:\/\/sola-poljane.splet.arnes.si\/?p=33773"},"modified":"2023-09-28T21:49:04","modified_gmt":"2023-09-28T19:49:04","slug":"drugosolci-na-gori","status":"publish","type":"post","link":"https:\/\/sola-poljane.splet.arnes.si\/?p=33773","title":{"rendered":"Drugo\u0161olci na Gori"},"content":{"rendered":"<p style=\"text-align: justify\">Na toplo septembrsko sredo smo se drugo\u0161olci s kombiji odpeljali v Malenski Vrh. Tam nas je pri\u010dakalo sonce. Polni elana smo zakorakali v breg in hitro dosegli cilj. Pojedli smo slastne sendvi\u010de in bili hvale\u017eni na\u0161im pridnim kuharicam. Nato smo naredili nekaj gibalnih nalog in odkorakali nazaj proti izhodi\u0161\u010dni to\u010dki. Odpeljali smo se nazaj v Poljansko dolino ter se zahvalili na\u0161im \u0161oferjem za varno vo\u017enjo.<\/p>\n<p style=\"text-align: justify\"><em><strong>Razredni\u010darki 2. razreda<\/strong><\/em><\/p>\n<p>&nbsp;<\/p>\nngg_shortcode_0_placeholder\n","protected":false},"excerpt":{"rendered":"<p>Na toplo septembrsko sredo smo se drugo\u0161olci s kombiji odpeljali [&hellip;]<\/p>\n","protected":false},"author":56163,"featured_media":33794,"comment_status":"closed","ping_status":"open","sticky":false,"template":"","format":"standard","meta":{"ngg_post_thumbnail":0,"footnotes":""},"categories":[7,55],"tags":[],"class_list":["post-33773","post","type-post","status-publish","format-standard","has-post-thumbnail","hentry","category-dnevi-dejavnosti","category-dogajanje"],"_links":{"self":[{"href":"https:\/\/sola-poljane.splet.arnes.si\/index.php?rest_route=\/wp\/v2\/posts\/33773","targetHints":{"allow":["GET"]}}],"collection":[{"href":"https:\/\/sola-poljane.splet.arnes.si\/index.php?rest_route=\/wp\/v2\/posts"}],"about":[{"href":"https:\/\/sola-poljane.splet.arnes.si\/index.php?rest_route=\/wp\/v2\/types\/post"}],"author":[{"embeddable":true,"href":"https:\/\/sola-poljane.splet.arnes.si\/index.php?rest_route=\/wp\/v2\/users\/56163"}],"replies":[{"embeddable":true,"href":"https:\/\/sola-poljane.splet.arnes.si\/index.php?rest_route=%2Fwp%2Fv2%2Fcomments&post=33773"}],"version-history":[{"count":4,"href":"https:\/\/sola-poljane.splet.arnes.si\/index.php?rest_route=\/wp\/v2\/posts\/33773\/revisions"}],"predecessor-version":[{"id":33793,"href":"https:\/\/sola-poljane.splet.arnes.si\/index.php?rest_route=\/wp\/v2\/posts\/33773\/revisions\/33793"}],"wp:featuredmedia":[{"embeddable":true,"href":"https:\/\/sola-poljane.splet.arnes.si\/index.php?rest_route=\/wp\/v2\/media\/33794"}],"wp:attachment":[{"href":"https:\/\/sola-poljane.splet.arnes.si\/index.php?rest_route=%2Fwp%2Fv2%2Fmedia&parent=33773"}],"wp:term":[{"taxonomy":"category","embeddable":true,"href":"https:\/\/sola-poljane.splet.arnes.si\/index.php?rest_route=%2Fwp%2Fv2%2Fcategories&post=33773"},{"taxonomy":"post_tag","embeddable":true,"href":"https:\/\/sola-poljane.splet.arnes.si\/index.php?rest_route=%2Fwp%2Fv2%2Ftags&post=33773"}],"curies":[{"name":"wp","href":"https:\/\/api.w.org\/{rel}","templated":true}]}}