{"id":33579,"date":"2023-09-24T08:35:22","date_gmt":"2023-09-24T06:35:22","guid":{"rendered":"https:\/\/sola-poljane.splet.arnes.si\/?p=33579"},"modified":"2023-09-26T11:39:09","modified_gmt":"2023-09-26T09:39:09","slug":"drzavno-tekmovanje-v-gorskem-teku-smlednik-2023-ekipno-1-mesto","status":"publish","type":"post","link":"https:\/\/sola-poljane.splet.arnes.si\/?p=33579","title":{"rendered":"Dr\u017eavno tekmovanje v gorskem teku Smlednik 2023 \u2013 ekipno 1. mesto"},"content":{"rendered":"<p style=\"text-align: justify\">Iz na\u0161e \u0161ole se je zbralo lepo \u0161tevilo teka\u010dev in skupaj z osnovno\u0161olci iz Gorenje vasi so se pripeljali v Smlednik. Za prijetno ogrevanje so se po Kalvariji pe\u0161 podali na \u0161tart. Po ogledu proge pa so se kmalu na \u0161tart \u017ee morale pripraviti mlaj\u0161e deklice.<br \/>\nNa progi je bilo veliko teka\u010dev in kljub \u0161iroki poti se je pripetilo tudi nekaj padcev, tudi na\u0161im teka\u010dem, ampak k sre\u010di brez huj\u0161ih po\u0161kodb.<\/p>\n<p style=\"text-align: justify\">Med dekleti se je najbolje odrezala <span style=\"color: #3366ff\"><strong>Loti Poljan\u0161ek<\/strong><\/span>, ki je osvojila <span style=\"color: #3366ff\">8. mesto<\/span> med mlaj\u0161imi dekleti. Ekipo so dopolnile \u0161e <strong><span style=\"color: #3366ff\">Ema Klemen\u010di\u010d<\/span> <\/strong>ter pri starej\u0161ih \u0161e <strong><span style=\"color: #3366ff\">Veronika Pisk<\/span><\/strong> in <strong><span style=\"color: #3366ff\">Maru\u0161a \u0160ubi<\/span><\/strong>c. Dekleta so svojila <span style=\"color: #ff6600\"><strong>ekipno 4. mesto<\/strong><\/span>.<\/p>\n<p style=\"text-align: justify\">Med fanti sta se med deseterico najbolj\u0161ih v dr\u017eavi uvrstila <span style=\"color: #3366ff\"><strong>Martin Pisk<\/strong><\/span> med mlaj\u0161imi in <strong><span style=\"color: #3366ff\">Nejc Poljan\u0161ek<\/span><\/strong> med starej\u0161imi de\u010dki. Oba sta osvojila <span style=\"color: #3366ff\">7. mesto<\/span>. Drugi najbolj\u0161i rezultat, ki se je \u0161tel v ekipno razvrstitev, sta dosegla <strong><span style=\"color: #3366ff\">Andra\u017e \u0160ubic<\/span> <\/strong><span style=\"color: #3366ff\">(16. mesto)<\/span> med mlaj\u0161imi de\u010dki in <strong><span style=\"color: #3366ff\">Izak Zver<\/span><\/strong><span style=\"color: #3366ff\"> (15. mesto)<\/span> med starej\u0161imi.<\/p>\n<p style=\"text-align: justify\"><span style=\"color: #ff6600\"><strong>S<\/strong><strong>kupno je na\u0161a ekipa osvojila 1. mesto v dr\u017eavi!!!<\/strong><\/span><\/p>\n<p style=\"text-align: justify\">\u010cestitke vsem nastopajo\u010dim, ve\u010d rezultatov in nekaj utrinkov pa si lahko ogledate v priponkah.<\/p>\n<p style=\"text-align: justify\"><strong><em>&nbsp;<\/em><\/strong><\/p>\n<p><strong><em>Uro\u0161 \u010cade\u017e<\/em><\/strong><\/p>\n<p>&nbsp;<\/p>\n<p><a href=\"https:\/\/sola-poljane.splet.arnes.si\/files\/2023\/09\/Rezultati-PS-v-gorskem-teku-za-OS-in-SS.pdf\">Rezultati PS v gorskem teku za O\u0160 in S\u0160<\/a><\/p>\n<p>&nbsp;<\/p>\nngg_shortcode_0_placeholder\n","protected":false},"excerpt":{"rendered":"<p>Iz na\u0161e \u0161ole se je zbralo lepo \u0161tevilo teka\u010dev in [&hellip;]<\/p>\n","protected":false},"author":56163,"featured_media":33614,"comment_status":"closed","ping_status":"open","sticky":false,"template":"","format":"standard","meta":{"ngg_post_thumbnail":0,"footnotes":""},"categories":[55,59],"tags":[],"class_list":["post-33579","post","type-post","status-publish","format-standard","has-post-thumbnail","hentry","category-dogajanje","category-sportna-tekmovanja"],"_links":{"self":[{"href":"https:\/\/sola-poljane.splet.arnes.si\/index.php?rest_route=\/wp\/v2\/posts\/33579","targetHints":{"allow":["GET"]}}],"collection":[{"href":"https:\/\/sola-poljane.splet.arnes.si\/index.php?rest_route=\/wp\/v2\/posts"}],"about":[{"href":"https:\/\/sola-poljane.splet.arnes.si\/index.php?rest_route=\/wp\/v2\/types\/post"}],"author":[{"embeddable":true,"href":"https:\/\/sola-poljane.splet.arnes.si\/index.php?rest_route=\/wp\/v2\/users\/56163"}],"replies":[{"embeddable":true,"href":"https:\/\/sola-poljane.splet.arnes.si\/index.php?rest_route=%2Fwp%2Fv2%2Fcomments&post=33579"}],"version-history":[{"count":6,"href":"https:\/\/sola-poljane.splet.arnes.si\/index.php?rest_route=\/wp\/v2\/posts\/33579\/revisions"}],"predecessor-version":[{"id":33671,"href":"https:\/\/sola-poljane.splet.arnes.si\/index.php?rest_route=\/wp\/v2\/posts\/33579\/revisions\/33671"}],"wp:featuredmedia":[{"embeddable":true,"href":"https:\/\/sola-poljane.splet.arnes.si\/index.php?rest_route=\/wp\/v2\/media\/33614"}],"wp:attachment":[{"href":"https:\/\/sola-poljane.splet.arnes.si\/index.php?rest_route=%2Fwp%2Fv2%2Fmedia&parent=33579"}],"wp:term":[{"taxonomy":"category","embeddable":true,"href":"https:\/\/sola-poljane.splet.arnes.si\/index.php?rest_route=%2Fwp%2Fv2%2Fcategories&post=33579"},{"taxonomy":"post_tag","embeddable":true,"href":"https:\/\/sola-poljane.splet.arnes.si\/index.php?rest_route=%2Fwp%2Fv2%2Ftags&post=33579"}],"curies":[{"name":"wp","href":"https:\/\/api.w.org\/{rel}","templated":true}]}}