{"id":33540,"date":"2023-09-21T20:22:18","date_gmt":"2023-09-21T18:22:18","guid":{"rendered":"https:\/\/sola-poljane.splet.arnes.si\/?p=33540"},"modified":"2023-10-07T13:10:13","modified_gmt":"2023-10-07T11:10:13","slug":"kulturni-dan-v-tavcarjevem-letu-na-visokem","status":"publish","type":"post","link":"https:\/\/sola-poljane.splet.arnes.si\/?p=33540","title":{"rendered":"Kulturni dan v Tav\u010darjevem letu na Visokem"},"content":{"rendered":"<p><strong>U\u010denke in u\u010denci 7. ter 8. razreda so leto\u0161nji prvi kulturni dan posvetili Ivanu Tav\u010darju.<\/strong><\/p>\n<p style=\"text-align: justify\"><em>V sredo, 20. septembra, smo osmo\u0161olci imeli kulturni dan. Spoznavali smo Ivana Tav\u010darja in njegova dela. Najprej smo pe\u0161 od\u0161li na Visoko. Tam smo najprej imeli dramsko delavnico, na kateri smo z mimiko uprizarjali pesmi, pravljice in pregovore. Potem so nam razkazali dvorec ter nam povedali nekaj o Tav\u010darjevem \u017eivljenju. Najbolj zanimivo se nama je zdelo, da so Tav\u010darja izklju\u010dili iz gimnazije v Ljubljani. Po ogledu dvorca smo pomalicali in se vrnili v \u0161olo. Tam smo si ogledali nekaj odlomkov iz filma Cvetje v jeseni.<\/em><\/p>\n<p style=\"text-align: justify\"><span style=\"color: #3366ff\"><strong><em>Kaj pa o kulturnem dnevu pravijo osmo\u0161olci?<\/em><\/strong><\/span><\/p>\n<p style=\"text-align: justify\"><em>&#8211; Lovru in Niku sta bila najbolj v\u0161e\u010d malica in film.<br \/>\n<\/em><em>&#8211; Nace je u\u017eival v sprehodu do Visokega in nazaj.<br \/>\n<\/em><em>&#8211; Ne\u017ei je bil v\u0161e\u010d sladoled.<br \/>\n<\/em><em>&#8211; Izaku se je najbolj v spomin vtisnila pantomima.<\/em><\/p>\n<p><strong><em>Veronika Pisk in Maru\u0161a \u0160ubic, 8. b<\/em><\/strong><\/p>\n<p>&nbsp;<\/p>\n<p style=\"text-align: justify\">Kulturni dan smo za\u010deli s sprehodom na Visoko. Tam smo imeli dramsko delavnico. Morali smo z mimiko uprizarjati pregovore in pesmi. Potem so nam povedali nekaj o dvorcu in Ivanu Tav\u010darju. Nato smo se odpravili nazaj v \u0161olo, kjer smo si ogledali film Cvetje v jeseni. Ta del se nama je zdel najbolj zanimiv.<\/p>\n<p><em><strong>Nikola Treven in Izak Zver, 8. b<\/strong><\/em><\/p>\n<p>&nbsp;<\/p>\nngg_shortcode_0_placeholder\n\n<!-- iframe plugin v.5.2 wordpress.org\/plugins\/iframe\/ -->\n<iframe loading=\"lazy\" width=\"720\" height=\"405\" src=\"https:\/\/video.arnes.si\/embed\/04wwbly6x7n6\" frameborder=\"0\" webkitallowfullscreen mozallowfullscreen allowfullscreen scrolling=\"yes\" class=\"iframe-class\" name=\"ARNES\"><\/iframe>\n\n\n<!-- iframe plugin v.5.2 wordpress.org\/plugins\/iframe\/ -->\n<iframe loading=\"lazy\" width=\"720\" height=\"405\" src=\"https:\/\/video.arnes.si\/embed\/f3fypxlvrv6b\" frameborder=\"0\" webkitallowfullscreen mozallowfullscreen allowfullscreen scrolling=\"yes\" class=\"iframe-class\" name=\"ARNES\"><\/iframe>\n\n","protected":false},"excerpt":{"rendered":"<p>U\u010denke in u\u010denci 7. ter 8. razreda so leto\u0161nji prvi [&hellip;]<\/p>\n","protected":false},"author":56163,"featured_media":33562,"comment_status":"closed","ping_status":"open","sticky":false,"template":"","format":"standard","meta":{"ngg_post_thumbnail":0,"footnotes":""},"categories":[15,55,61],"tags":[],"class_list":["post-33540","post","type-post","status-publish","format-standard","has-post-thumbnail","hentry","category-dnevi-dejavnosti-2-triada","category-dogajanje","category-unesco"],"_links":{"self":[{"href":"https:\/\/sola-poljane.splet.arnes.si\/index.php?rest_route=\/wp\/v2\/posts\/33540","targetHints":{"allow":["GET"]}}],"collection":[{"href":"https:\/\/sola-poljane.splet.arnes.si\/index.php?rest_route=\/wp\/v2\/posts"}],"about":[{"href":"https:\/\/sola-poljane.splet.arnes.si\/index.php?rest_route=\/wp\/v2\/types\/post"}],"author":[{"embeddable":true,"href":"https:\/\/sola-poljane.splet.arnes.si\/index.php?rest_route=\/wp\/v2\/users\/56163"}],"replies":[{"embeddable":true,"href":"https:\/\/sola-poljane.splet.arnes.si\/index.php?rest_route=%2Fwp%2Fv2%2Fcomments&post=33540"}],"version-history":[{"count":8,"href":"https:\/\/sola-poljane.splet.arnes.si\/index.php?rest_route=\/wp\/v2\/posts\/33540\/revisions"}],"predecessor-version":[{"id":34010,"href":"https:\/\/sola-poljane.splet.arnes.si\/index.php?rest_route=\/wp\/v2\/posts\/33540\/revisions\/34010"}],"wp:featuredmedia":[{"embeddable":true,"href":"https:\/\/sola-poljane.splet.arnes.si\/index.php?rest_route=\/wp\/v2\/media\/33562"}],"wp:attachment":[{"href":"https:\/\/sola-poljane.splet.arnes.si\/index.php?rest_route=%2Fwp%2Fv2%2Fmedia&parent=33540"}],"wp:term":[{"taxonomy":"category","embeddable":true,"href":"https:\/\/sola-poljane.splet.arnes.si\/index.php?rest_route=%2Fwp%2Fv2%2Fcategories&post=33540"},{"taxonomy":"post_tag","embeddable":true,"href":"https:\/\/sola-poljane.splet.arnes.si\/index.php?rest_route=%2Fwp%2Fv2%2Ftags&post=33540"}],"curies":[{"name":"wp","href":"https:\/\/api.w.org\/{rel}","templated":true}]}}