{"id":32426,"date":"2023-06-13T21:00:08","date_gmt":"2023-06-13T19:00:08","guid":{"rendered":"https:\/\/sola-poljane.splet.arnes.si\/?p=32426"},"modified":"2023-06-13T21:00:08","modified_gmt":"2023-06-13T19:00:08","slug":"projekt-obudimo-pisanje-pisem-2","status":"publish","type":"post","link":"https:\/\/sola-poljane.splet.arnes.si\/?p=32426","title":{"rendered":"Projekt Obudimo pisanje pisem"},"content":{"rendered":"<p style=\"text-align: justify\">V leto\u0161njem \u0161olskem letu si je <span style=\"color: #3366ff\"><strong>2. b razred<\/strong><\/span> dopisoval z <strong><span style=\"color: #3366ff\">u\u010denci 5. razreda iz Celja<\/span><\/strong>. Najprej si je vsak posameznik izbral enega u\u010denca ter se mu predstavil. Ker smo poznali samo tiskane \u010drke, smo s skupnim predstavitvenim pismom prosili&nbsp;celjske&nbsp;peto\u0161olce, da nam&nbsp;tudi oni&nbsp;pi\u0161ejo s tiskanimi \u010drkami.<br \/>\nNato smo nestrpno \u010dakali pisma. Nekatera pisma so bila kratka, druga dolga in \u010ditljiva. Izmenjali smo si ve\u010d pisem. Postavljali smo vpra\u0161anja, na katera so nam dopisovalci odgovorili \u2013 tako smo vzdr\u017eevali dvosmerno komunikacijo v pismih.<br \/>\nV drugem pismu smo zapisali ve\u010d o svojem \u017eivljenju doma, v tretjem smo pisali o zimskih po\u010ditnicah in snegu, v zadnjem pa o prvomajskih po\u010ditnicah ter pri\u010dakovanju poletnih. Ob novem letu pa smo vsak svojemu dopisovalcu izdelali tudi vo\u0161\u010dilnico ter vanjo zapisali lepe novoletne \u017eelje.<\/p>\n<p style=\"text-align: justify\">U\u010denci so se pisem vedno razveselili. Nekateri so bili presre\u010dni, saj so se dopisovalci izredno potrudili. Se je pa \u017eal na\u0161el tudi nekdo, ki je dvakrat napisal enako pismo. Pisma so popestrila na\u0161e ure. U\u010denci pa so se nau\u010dili, da je treba \u010ditljivo pisati in potrpe\u017eljivo \u010dakati na pismo. &nbsp;<\/p>\n<p style=\"text-align: justify\"><em><strong>U\u010diteljica Maja Tr\u010dek<\/strong><\/em><\/p>\n<p>&nbsp;<\/p>\n<p><img loading=\"lazy\" decoding=\"async\" class=\"wp-image-32429 aligncenter\" src=\"https:\/\/sola-poljane.splet.arnes.si\/files\/2023\/06\/Obudimo-pisma_01-manjsa.jpg\" alt=\"\" width=\"605\" height=\"455\" srcset=\"https:\/\/sola-poljane.splet.arnes.si\/files\/2023\/06\/Obudimo-pisma_01-manjsa.jpg 800w, https:\/\/sola-poljane.splet.arnes.si\/files\/2023\/06\/Obudimo-pisma_01-manjsa-300x226.jpg 300w, https:\/\/sola-poljane.splet.arnes.si\/files\/2023\/06\/Obudimo-pisma_01-manjsa-768x578.jpg 768w, https:\/\/sola-poljane.splet.arnes.si\/files\/2023\/06\/Obudimo-pisma_01-manjsa-73x55.jpg 73w, https:\/\/sola-poljane.splet.arnes.si\/files\/2023\/06\/Obudimo-pisma_01-manjsa-624x470.jpg 624w\" sizes=\"auto, (max-width: 605px) 100vw, 605px\" \/><\/p>\n<p><a href=\"https:\/\/sola-poljane.splet.arnes.si\/files\/2023\/06\/Obudimo-pisma_02-manjsa.jpg\"><img loading=\"lazy\" decoding=\"async\" class=\"wp-image-32430 aligncenter\" src=\"https:\/\/sola-poljane.splet.arnes.si\/files\/2023\/06\/Obudimo-pisma_02-manjsa.jpg\" alt=\"\" width=\"603\" height=\"454\" srcset=\"https:\/\/sola-poljane.splet.arnes.si\/files\/2023\/06\/Obudimo-pisma_02-manjsa.jpg 800w, https:\/\/sola-poljane.splet.arnes.si\/files\/2023\/06\/Obudimo-pisma_02-manjsa-300x226.jpg 300w, https:\/\/sola-poljane.splet.arnes.si\/files\/2023\/06\/Obudimo-pisma_02-manjsa-768x578.jpg 768w, https:\/\/sola-poljane.splet.arnes.si\/files\/2023\/06\/Obudimo-pisma_02-manjsa-73x55.jpg 73w, https:\/\/sola-poljane.splet.arnes.si\/files\/2023\/06\/Obudimo-pisma_02-manjsa-624x470.jpg 624w\" sizes=\"auto, (max-width: 603px) 100vw, 603px\" \/><\/a> <a href=\"https:\/\/sola-poljane.splet.arnes.si\/files\/2023\/06\/Obudimo-pisma_03-manjsa.jpg\"><img loading=\"lazy\" decoding=\"async\" class=\"wp-image-32431 aligncenter\" src=\"https:\/\/sola-poljane.splet.arnes.si\/files\/2023\/06\/Obudimo-pisma_03-manjsa.jpg\" alt=\"\" width=\"602\" height=\"453\" srcset=\"https:\/\/sola-poljane.splet.arnes.si\/files\/2023\/06\/Obudimo-pisma_03-manjsa.jpg 800w, https:\/\/sola-poljane.splet.arnes.si\/files\/2023\/06\/Obudimo-pisma_03-manjsa-300x226.jpg 300w, https:\/\/sola-poljane.splet.arnes.si\/files\/2023\/06\/Obudimo-pisma_03-manjsa-768x578.jpg 768w, https:\/\/sola-poljane.splet.arnes.si\/files\/2023\/06\/Obudimo-pisma_03-manjsa-73x55.jpg 73w, https:\/\/sola-poljane.splet.arnes.si\/files\/2023\/06\/Obudimo-pisma_03-manjsa-624x470.jpg 624w\" sizes=\"auto, (max-width: 602px) 100vw, 602px\" \/><\/a><\/p>\n","protected":false},"excerpt":{"rendered":"<p>V leto\u0161njem \u0161olskem letu si je 2. b razred dopisoval [&hellip;]<\/p>\n","protected":false},"author":56163,"featured_media":32433,"comment_status":"closed","ping_status":"open","sticky":false,"template":"","format":"standard","meta":{"ngg_post_thumbnail":0,"footnotes":""},"categories":[33,55,43,61],"tags":[],"class_list":["post-32426","post","type-post","status-publish","format-standard","has-post-thumbnail","hentry","category-1-triletje","category-dogajanje","category-projekti","category-unesco"],"_links":{"self":[{"href":"https:\/\/sola-poljane.splet.arnes.si\/index.php?rest_route=\/wp\/v2\/posts\/32426","targetHints":{"allow":["GET"]}}],"collection":[{"href":"https:\/\/sola-poljane.splet.arnes.si\/index.php?rest_route=\/wp\/v2\/posts"}],"about":[{"href":"https:\/\/sola-poljane.splet.arnes.si\/index.php?rest_route=\/wp\/v2\/types\/post"}],"author":[{"embeddable":true,"href":"https:\/\/sola-poljane.splet.arnes.si\/index.php?rest_route=\/wp\/v2\/users\/56163"}],"replies":[{"embeddable":true,"href":"https:\/\/sola-poljane.splet.arnes.si\/index.php?rest_route=%2Fwp%2Fv2%2Fcomments&post=32426"}],"version-history":[{"count":3,"href":"https:\/\/sola-poljane.splet.arnes.si\/index.php?rest_route=\/wp\/v2\/posts\/32426\/revisions"}],"predecessor-version":[{"id":32432,"href":"https:\/\/sola-poljane.splet.arnes.si\/index.php?rest_route=\/wp\/v2\/posts\/32426\/revisions\/32432"}],"wp:featuredmedia":[{"embeddable":true,"href":"https:\/\/sola-poljane.splet.arnes.si\/index.php?rest_route=\/wp\/v2\/media\/32433"}],"wp:attachment":[{"href":"https:\/\/sola-poljane.splet.arnes.si\/index.php?rest_route=%2Fwp%2Fv2%2Fmedia&parent=32426"}],"wp:term":[{"taxonomy":"category","embeddable":true,"href":"https:\/\/sola-poljane.splet.arnes.si\/index.php?rest_route=%2Fwp%2Fv2%2Fcategories&post=32426"},{"taxonomy":"post_tag","embeddable":true,"href":"https:\/\/sola-poljane.splet.arnes.si\/index.php?rest_route=%2Fwp%2Fv2%2Ftags&post=32426"}],"curies":[{"name":"wp","href":"https:\/\/api.w.org\/{rel}","templated":true}]}}