{"id":32126,"date":"2023-06-07T22:10:27","date_gmt":"2023-06-07T20:10:27","guid":{"rendered":"https:\/\/sola-poljane.splet.arnes.si\/?p=32126"},"modified":"2023-06-13T06:24:15","modified_gmt":"2023-06-13T04:24:15","slug":"projekt-moder-stol-nekdo-misli-nate","status":"publish","type":"post","link":"https:\/\/sola-poljane.splet.arnes.si\/?p=32126","title":{"rendered":"Projekt Moder stol \u2013 nekdo misli nate"},"content":{"rendered":"<p style=\"text-align: justify\">Tudi v leto\u0161njem \u0161olskem letu se je na\u0161a \u0161ola priklju\u010dila <span style=\"color: #0000ff\">Unescovemu projektu <strong>Moder stol \u2013 nekdo misli nate<\/strong><\/span>. Cilj dela z u\u010denci je bilo odpreti <span style=\"color: #0000ff\">teme, ki so povezane s sobivanjem, solidarnostjo in skupnimi vrednotami v dru\u017ebi<\/span>, ob tem pa tudi <span style=\"color: #0000ff\">razvijati ustvarjalnost in likovno izra\u017eanje<\/span>. Na na\u0161i \u0161oli smo ta projekt izvajali \u017ee tretji\u010d.<br \/>\nPridobili smo <span style=\"color: #0000ff\">dva stara in odslu\u017eena stola<\/span>, s projektom pa smo jima povrnili novo \u017eivljenje z barvo in besedami, ki so jih izbrali u\u010denci. V projektu so sodelovali u\u010denci likovne umetnosti in u\u010denci, ki obiskujejo dodatno strokovno pomo\u010d.<br \/>\nNaloga u\u010dencev je bila <span style=\"color: #0000ff\">razmi\u0161ljati o besedah, ki so povezane s sobivanjem, solidarnostjo med ljudmi<\/span>. Mentorici sva jih spodbujali, da razmi\u0161ljajo o tem, kaj ljudje potrebujemo, da se med seboj dobro razumemo in la\u017eje sobivamo. U\u010denci so stola najprej pobarvali z modro barvo, nato pa so ga okrasili z besedami, ki so jih izbrali. Ob tem se je odprl prostor za deljenje lastnih izku\u0161enj u\u010dencev in njihovih potreb v skupnosti.<br \/>\n<span style=\"color: #ff6600\">Projekt je dobro sovpadal z delavnicami o nenasilju, ki smo jih izvedli v mesecu maju.<\/span> Tematike so se med seboj prepletale in z u\u010denci smo ugotovili, <strong><span style=\"color: #ff6600\">da je vsak od nas odgovoren za svoj odnos do drugih ljudi, s katerimi \u017eivi. Sklenili smo, da je pomembno, da se vsak trudi biti \u010dim bolj solidaren do drugih<\/span><\/strong>.<\/p>\n<p><em><strong>Mihaela \u017dakelj Ogrin in Katja Podbev\u0161ek<\/strong><\/em><\/p>\n<p>&nbsp;<\/p>\n<p><a href=\"https:\/\/sola-poljane.splet.arnes.si\/files\/2023\/06\/Moder-stol_2023.jpg\"><img loading=\"lazy\" decoding=\"async\" class=\"alignnone wp-image-32129\" src=\"https:\/\/sola-poljane.splet.arnes.si\/files\/2023\/06\/Moder-stol_2023-769x1024.jpg\" alt=\"\" width=\"377\" height=\"502\" srcset=\"https:\/\/sola-poljane.splet.arnes.si\/files\/2023\/06\/Moder-stol_2023-769x1024.jpg 769w, https:\/\/sola-poljane.splet.arnes.si\/files\/2023\/06\/Moder-stol_2023-225x300.jpg 225w, https:\/\/sola-poljane.splet.arnes.si\/files\/2023\/06\/Moder-stol_2023-768x1022.jpg 768w, https:\/\/sola-poljane.splet.arnes.si\/files\/2023\/06\/Moder-stol_2023-41x55.jpg 41w, https:\/\/sola-poljane.splet.arnes.si\/files\/2023\/06\/Moder-stol_2023-624x831.jpg 624w, https:\/\/sola-poljane.splet.arnes.si\/files\/2023\/06\/Moder-stol_2023.jpg 800w\" sizes=\"auto, (max-width: 377px) 100vw, 377px\" \/><\/a> <a href=\"https:\/\/sola-poljane.splet.arnes.si\/files\/2023\/06\/Moder-stol1_2023-1.jpg\"><img loading=\"lazy\" decoding=\"async\" class=\"alignnone wp-image-32132\" src=\"https:\/\/sola-poljane.splet.arnes.si\/files\/2023\/06\/Moder-stol1_2023-1-769x1024.jpg\" alt=\"\" width=\"377\" height=\"502\" srcset=\"https:\/\/sola-poljane.splet.arnes.si\/files\/2023\/06\/Moder-stol1_2023-1-769x1024.jpg 769w, https:\/\/sola-poljane.splet.arnes.si\/files\/2023\/06\/Moder-stol1_2023-1-225x300.jpg 225w, https:\/\/sola-poljane.splet.arnes.si\/files\/2023\/06\/Moder-stol1_2023-1-768x1022.jpg 768w, https:\/\/sola-poljane.splet.arnes.si\/files\/2023\/06\/Moder-stol1_2023-1-41x55.jpg 41w, https:\/\/sola-poljane.splet.arnes.si\/files\/2023\/06\/Moder-stol1_2023-1-624x831.jpg 624w, https:\/\/sola-poljane.splet.arnes.si\/files\/2023\/06\/Moder-stol1_2023-1.jpg 800w\" sizes=\"auto, (max-width: 377px) 100vw, 377px\" \/><\/a><a href=\"https:\/\/sola-poljane.splet.arnes.si\/files\/2023\/06\/Moder-stol2_2023-1.jpg\"><img loading=\"lazy\" decoding=\"async\" class=\"size-large wp-image-32133 aligncenter\" src=\"https:\/\/sola-poljane.splet.arnes.si\/files\/2023\/06\/Moder-stol2_2023-1-769x1024.jpg\" alt=\"\" width=\"769\" height=\"1024\" srcset=\"https:\/\/sola-poljane.splet.arnes.si\/files\/2023\/06\/Moder-stol2_2023-1-769x1024.jpg 769w, https:\/\/sola-poljane.splet.arnes.si\/files\/2023\/06\/Moder-stol2_2023-1-225x300.jpg 225w, https:\/\/sola-poljane.splet.arnes.si\/files\/2023\/06\/Moder-stol2_2023-1-768x1022.jpg 768w, https:\/\/sola-poljane.splet.arnes.si\/files\/2023\/06\/Moder-stol2_2023-1-41x55.jpg 41w, https:\/\/sola-poljane.splet.arnes.si\/files\/2023\/06\/Moder-stol2_2023-1-624x831.jpg 624w, https:\/\/sola-poljane.splet.arnes.si\/files\/2023\/06\/Moder-stol2_2023-1.jpg 800w\" sizes=\"auto, (max-width: 769px) 100vw, 769px\" \/><\/a><\/p>\n","protected":false},"excerpt":{"rendered":"<p>Tudi v leto\u0161njem \u0161olskem letu se je na\u0161a \u0161ola priklju\u010dila [&hellip;]<\/p>\n","protected":false},"author":56163,"featured_media":32132,"comment_status":"closed","ping_status":"open","sticky":false,"template":"","format":"standard","meta":{"ngg_post_thumbnail":0,"footnotes":""},"categories":[55,43,61],"tags":[],"class_list":["post-32126","post","type-post","status-publish","format-standard","has-post-thumbnail","hentry","category-dogajanje","category-projekti","category-unesco"],"_links":{"self":[{"href":"https:\/\/sola-poljane.splet.arnes.si\/index.php?rest_route=\/wp\/v2\/posts\/32126","targetHints":{"allow":["GET"]}}],"collection":[{"href":"https:\/\/sola-poljane.splet.arnes.si\/index.php?rest_route=\/wp\/v2\/posts"}],"about":[{"href":"https:\/\/sola-poljane.splet.arnes.si\/index.php?rest_route=\/wp\/v2\/types\/post"}],"author":[{"embeddable":true,"href":"https:\/\/sola-poljane.splet.arnes.si\/index.php?rest_route=\/wp\/v2\/users\/56163"}],"replies":[{"embeddable":true,"href":"https:\/\/sola-poljane.splet.arnes.si\/index.php?rest_route=%2Fwp%2Fv2%2Fcomments&post=32126"}],"version-history":[{"count":3,"href":"https:\/\/sola-poljane.splet.arnes.si\/index.php?rest_route=\/wp\/v2\/posts\/32126\/revisions"}],"predecessor-version":[{"id":32134,"href":"https:\/\/sola-poljane.splet.arnes.si\/index.php?rest_route=\/wp\/v2\/posts\/32126\/revisions\/32134"}],"wp:featuredmedia":[{"embeddable":true,"href":"https:\/\/sola-poljane.splet.arnes.si\/index.php?rest_route=\/wp\/v2\/media\/32132"}],"wp:attachment":[{"href":"https:\/\/sola-poljane.splet.arnes.si\/index.php?rest_route=%2Fwp%2Fv2%2Fmedia&parent=32126"}],"wp:term":[{"taxonomy":"category","embeddable":true,"href":"https:\/\/sola-poljane.splet.arnes.si\/index.php?rest_route=%2Fwp%2Fv2%2Fcategories&post=32126"},{"taxonomy":"post_tag","embeddable":true,"href":"https:\/\/sola-poljane.splet.arnes.si\/index.php?rest_route=%2Fwp%2Fv2%2Ftags&post=32126"}],"curies":[{"name":"wp","href":"https:\/\/api.w.org\/{rel}","templated":true}]}}