{"id":32054,"date":"2023-06-05T19:45:16","date_gmt":"2023-06-05T17:45:16","guid":{"rendered":"https:\/\/sola-poljane.splet.arnes.si\/?p=32054"},"modified":"2023-06-05T20:56:09","modified_gmt":"2023-06-05T18:56:09","slug":"drugosolci-na-brdih","status":"publish","type":"post","link":"https:\/\/sola-poljane.splet.arnes.si\/?p=32054","title":{"rendered":"Drugo\u0161olci na Brdih"},"content":{"rendered":"<p style=\"text-align: justify\"><span style=\"color: #008000\"><em><strong>Na prvi junijski petek so se drugo\u0161olci odpravili na pohod na Brda. Spodaj je zbranih nekaj kratkih misli u\u010dencev.<\/strong><\/em><\/span><\/p>\n<p style=\"text-align: justify\">V petek, 2. 6. 2023, smo \u0161li na Brda. Prehodili smo devet kilometrov. Bila sem zelo utrujena. <strong><em>Kaja, 2. a<br \/>\n<\/em><\/strong>Na pohodu je bilo zelo utrudljivo. <strong><em>Sara G., 2. a<br \/>\n<\/em><\/strong>Na \u0161portnem dnevu mi je bilo v\u0161e\u010d, ko smo se igrali. <strong><em>Alex, 2. a<br \/>\n<\/em><\/strong>Bilo mi je v\u0161e\u010d, ko smo imeli odmor. <strong><em>Leja, 2. a<br \/>\n<\/em><\/strong>V\u0161e\u010d mi je bilo, ko smo hodili v ti\u0161ini in smo lahko poslu\u0161ali ptice. Fino mi je bilo, ker smo imeli proste igre. Iskal sem zanimive palice in z njimi smo zgradili hi\u0161ko. V\u0161e\u010d mi je bilo, ker je bilo veliko korenin. V\u0161e\u010d mi je bila hoja po gozdu. <strong><em>Tine G., 2. b<br \/>\n<\/em><\/strong>V\u0161e\u010d mi je bilo, da smo videli \u017eabo in slepca. Najbolj mi je bila v\u0161e\u010d malica, saj sem bila zelo la\u010dna.&nbsp; <strong><em>Ne\u017ea, 2. b<br \/>\n<\/em><\/strong>Ni bilo dobro, ker je bilo tako vro\u010de. V\u0161e\u010d mi je bila igra, saj smo se lahko igrali po svojih \u017eeljah. Danes je bila zelo dobra malica, saj smo imeli roglji\u010dek. <strong><em>Agata, 2. b<br \/>\n<\/em><\/strong>Dobro je bilo, ker smo hodili v hribe in ker smo imeli proste igre. V\u0161e\u010d mi je bilo, ker so bile korenine. <strong><em>Tina, 2. b<br \/>\n<\/em><\/strong>V\u0161e\u010d mi je bilo, ker smo sre\u010dali \u017eivali. Sre\u010dali smo dva slepca, dve \u017eabi in to je to, kar smo videli. Prehodili smo devet kilometrov. <strong><em>Ga\u0161per, 2. b<\/em><\/strong><\/p>\n<p>&nbsp;<\/p>\nngg_shortcode_0_placeholder\n","protected":false},"excerpt":{"rendered":"<p>Na prvi junijski petek so se drugo\u0161olci odpravili na pohod [&hellip;]<\/p>\n","protected":false},"author":56163,"featured_media":32088,"comment_status":"closed","ping_status":"open","sticky":false,"template":"","format":"standard","meta":{"ngg_post_thumbnail":0,"footnotes":""},"categories":[7,55],"tags":[],"class_list":["post-32054","post","type-post","status-publish","format-standard","has-post-thumbnail","hentry","category-dnevi-dejavnosti","category-dogajanje"],"_links":{"self":[{"href":"https:\/\/sola-poljane.splet.arnes.si\/index.php?rest_route=\/wp\/v2\/posts\/32054","targetHints":{"allow":["GET"]}}],"collection":[{"href":"https:\/\/sola-poljane.splet.arnes.si\/index.php?rest_route=\/wp\/v2\/posts"}],"about":[{"href":"https:\/\/sola-poljane.splet.arnes.si\/index.php?rest_route=\/wp\/v2\/types\/post"}],"author":[{"embeddable":true,"href":"https:\/\/sola-poljane.splet.arnes.si\/index.php?rest_route=\/wp\/v2\/users\/56163"}],"replies":[{"embeddable":true,"href":"https:\/\/sola-poljane.splet.arnes.si\/index.php?rest_route=%2Fwp%2Fv2%2Fcomments&post=32054"}],"version-history":[{"count":2,"href":"https:\/\/sola-poljane.splet.arnes.si\/index.php?rest_route=\/wp\/v2\/posts\/32054\/revisions"}],"predecessor-version":[{"id":32089,"href":"https:\/\/sola-poljane.splet.arnes.si\/index.php?rest_route=\/wp\/v2\/posts\/32054\/revisions\/32089"}],"wp:featuredmedia":[{"embeddable":true,"href":"https:\/\/sola-poljane.splet.arnes.si\/index.php?rest_route=\/wp\/v2\/media\/32088"}],"wp:attachment":[{"href":"https:\/\/sola-poljane.splet.arnes.si\/index.php?rest_route=%2Fwp%2Fv2%2Fmedia&parent=32054"}],"wp:term":[{"taxonomy":"category","embeddable":true,"href":"https:\/\/sola-poljane.splet.arnes.si\/index.php?rest_route=%2Fwp%2Fv2%2Fcategories&post=32054"},{"taxonomy":"post_tag","embeddable":true,"href":"https:\/\/sola-poljane.splet.arnes.si\/index.php?rest_route=%2Fwp%2Fv2%2Ftags&post=32054"}],"curies":[{"name":"wp","href":"https:\/\/api.w.org\/{rel}","templated":true}]}}