{"id":32011,"date":"2023-06-02T21:58:12","date_gmt":"2023-06-02T19:58:12","guid":{"rendered":"https:\/\/sola-poljane.splet.arnes.si\/?p=32011"},"modified":"2023-06-02T21:59:47","modified_gmt":"2023-06-02T19:59:47","slug":"nagrajenki-natecaja-po-cebelah-se-zgleduj","status":"publish","type":"post","link":"https:\/\/sola-poljane.splet.arnes.si\/?p=32011","title":{"rendered":"Nagrajenki nate\u010daja Po \u010debelah se zgleduj"},"content":{"rendered":"<p style=\"text-align: justify\">Na <span style=\"color: #ff6600\"><strong>15. likovni nate\u010daj Po \u010debelah se zgleduj<\/strong> <strong>\u2013 Rast<\/strong><\/span> so prispela 503 dela iz Slovenije in tujine. \u010clani strokovne komisije so med prispelimi deli izbrali 79 del za razstavo in podelili priznanja.<br \/>\nV \u010detrtek, 1. junija, je bilo na O\u0160 Dobravlje odprtje razstave in podelitev nagrad. Tudi dve na\u0161i u\u010denki prejmeta priznanje: <strong><span style=\"color: #ff6600\">Nika Rupar<\/span><\/strong> je prejela bronasto priznanje za delo <span style=\"color: #3366ff\"><strong>\u00bbDovolj ekrana, \u010daka te narava\u00ab<\/strong><\/span>, <strong><span style=\"color: #ff6600\">Jerca Tu\u0161ek<\/span><\/strong> pa srebrno priznanje za grafiko <strong><span style=\"color: #3366ff\">\u00bbKo ni ljudi v bli\u017eini\u00ab<\/span><\/strong>.<\/p>\n<p>&nbsp;<\/p>\nngg_shortcode_0_placeholder\n","protected":false},"excerpt":{"rendered":"<p>Na 15. likovni nate\u010daj Po \u010debelah se zgleduj \u2013 Rast [&hellip;]<\/p>\n","protected":false},"author":56163,"featured_media":32027,"comment_status":"closed","ping_status":"open","sticky":false,"template":"","format":"standard","meta":{"ngg_post_thumbnail":0,"footnotes":""},"categories":[55,37],"tags":[],"class_list":["post-32011","post","type-post","status-publish","format-standard","has-post-thumbnail","hentry","category-dogajanje","category-natecaji"],"_links":{"self":[{"href":"https:\/\/sola-poljane.splet.arnes.si\/index.php?rest_route=\/wp\/v2\/posts\/32011","targetHints":{"allow":["GET"]}}],"collection":[{"href":"https:\/\/sola-poljane.splet.arnes.si\/index.php?rest_route=\/wp\/v2\/posts"}],"about":[{"href":"https:\/\/sola-poljane.splet.arnes.si\/index.php?rest_route=\/wp\/v2\/types\/post"}],"author":[{"embeddable":true,"href":"https:\/\/sola-poljane.splet.arnes.si\/index.php?rest_route=\/wp\/v2\/users\/56163"}],"replies":[{"embeddable":true,"href":"https:\/\/sola-poljane.splet.arnes.si\/index.php?rest_route=%2Fwp%2Fv2%2Fcomments&post=32011"}],"version-history":[{"count":3,"href":"https:\/\/sola-poljane.splet.arnes.si\/index.php?rest_route=\/wp\/v2\/posts\/32011\/revisions"}],"predecessor-version":[{"id":32025,"href":"https:\/\/sola-poljane.splet.arnes.si\/index.php?rest_route=\/wp\/v2\/posts\/32011\/revisions\/32025"}],"wp:featuredmedia":[{"embeddable":true,"href":"https:\/\/sola-poljane.splet.arnes.si\/index.php?rest_route=\/wp\/v2\/media\/32027"}],"wp:attachment":[{"href":"https:\/\/sola-poljane.splet.arnes.si\/index.php?rest_route=%2Fwp%2Fv2%2Fmedia&parent=32011"}],"wp:term":[{"taxonomy":"category","embeddable":true,"href":"https:\/\/sola-poljane.splet.arnes.si\/index.php?rest_route=%2Fwp%2Fv2%2Fcategories&post=32011"},{"taxonomy":"post_tag","embeddable":true,"href":"https:\/\/sola-poljane.splet.arnes.si\/index.php?rest_route=%2Fwp%2Fv2%2Ftags&post=32011"}],"curies":[{"name":"wp","href":"https:\/\/api.w.org\/{rel}","templated":true}]}}