{"id":31941,"date":"2023-06-02T21:41:19","date_gmt":"2023-06-02T19:41:19","guid":{"rendered":"https:\/\/sola-poljane.splet.arnes.si\/?p=31941"},"modified":"2023-06-05T20:17:37","modified_gmt":"2023-06-05T18:17:37","slug":"utrinki-s-podelitve-priznanj-torkarjeve-kolonije","status":"publish","type":"post","link":"https:\/\/sola-poljane.splet.arnes.si\/?p=31941","title":{"rendered":"Utrinki s podelitve priznanj Torkarjeve kolonije"},"content":{"rendered":"<p style=\"text-align: justify\">V O\u0160 Koro\u0161ka Bela je bilo v \u010detrtek, 1. junija 2023, odprtje razstave <span style=\"color: #3366ff\"><strong>XVI. TORKARJEVE LIKOVNE KOLONIJE<\/strong><\/span> \u2212 <strong><span style=\"color: #ff6600\">\u00bbBarvitost pomladi\u00ab<\/span><\/strong>. Sodelovalo je 15 \u0161ol s po \u0161tirimi u\u010denci. Na\u0161i nagrajenki <strong><span style=\"color: #ff6600\">Lana \u0160ikovec<\/span><\/strong> in <strong><span style=\"color: #ff6600\">Kora Markelj sta se udele\u017eili prireditve in fotografirali&nbsp;<\/span><\/strong><\/p>\n<p><strong>Vabljeni, da si v galeriji ogledate izbrana dela, ki sta jih na podelitvi priznanj fotografirali na\u0161i nagrajenki.&nbsp;<\/strong><\/p>\n<p><em><strong>Mihaela \u017dakelj Ogrin<\/strong><\/em><\/p>\n<p>&nbsp;<\/p>\nngg_shortcode_0_placeholder\n","protected":false},"excerpt":{"rendered":"<p>V O\u0160 Koro\u0161ka Bela je bilo v \u010detrtek, 1. junija [&hellip;]<\/p>\n","protected":false},"author":56163,"featured_media":32010,"comment_status":"closed","ping_status":"open","sticky":false,"template":"","format":"standard","meta":{"ngg_post_thumbnail":0,"footnotes":""},"categories":[55,37,61],"tags":[],"class_list":["post-31941","post","type-post","status-publish","format-standard","has-post-thumbnail","hentry","category-dogajanje","category-natecaji","category-unesco"],"_links":{"self":[{"href":"https:\/\/sola-poljane.splet.arnes.si\/index.php?rest_route=\/wp\/v2\/posts\/31941","targetHints":{"allow":["GET"]}}],"collection":[{"href":"https:\/\/sola-poljane.splet.arnes.si\/index.php?rest_route=\/wp\/v2\/posts"}],"about":[{"href":"https:\/\/sola-poljane.splet.arnes.si\/index.php?rest_route=\/wp\/v2\/types\/post"}],"author":[{"embeddable":true,"href":"https:\/\/sola-poljane.splet.arnes.si\/index.php?rest_route=\/wp\/v2\/users\/56163"}],"replies":[{"embeddable":true,"href":"https:\/\/sola-poljane.splet.arnes.si\/index.php?rest_route=%2Fwp%2Fv2%2Fcomments&post=31941"}],"version-history":[{"count":2,"href":"https:\/\/sola-poljane.splet.arnes.si\/index.php?rest_route=\/wp\/v2\/posts\/31941\/revisions"}],"predecessor-version":[{"id":32009,"href":"https:\/\/sola-poljane.splet.arnes.si\/index.php?rest_route=\/wp\/v2\/posts\/31941\/revisions\/32009"}],"wp:featuredmedia":[{"embeddable":true,"href":"https:\/\/sola-poljane.splet.arnes.si\/index.php?rest_route=\/wp\/v2\/media\/32010"}],"wp:attachment":[{"href":"https:\/\/sola-poljane.splet.arnes.si\/index.php?rest_route=%2Fwp%2Fv2%2Fmedia&parent=31941"}],"wp:term":[{"taxonomy":"category","embeddable":true,"href":"https:\/\/sola-poljane.splet.arnes.si\/index.php?rest_route=%2Fwp%2Fv2%2Fcategories&post=31941"},{"taxonomy":"post_tag","embeddable":true,"href":"https:\/\/sola-poljane.splet.arnes.si\/index.php?rest_route=%2Fwp%2Fv2%2Ftags&post=31941"}],"curies":[{"name":"wp","href":"https:\/\/api.w.org\/{rel}","templated":true}]}}