{"id":31873,"date":"2023-06-01T21:55:11","date_gmt":"2023-06-01T19:55:11","guid":{"rendered":"https:\/\/sola-poljane.splet.arnes.si\/?p=31873"},"modified":"2023-06-01T21:55:11","modified_gmt":"2023-06-01T19:55:11","slug":"ucenci-prvega-triletja-v-presernovem-gledaliscu-kranj","status":"publish","type":"post","link":"https:\/\/sola-poljane.splet.arnes.si\/?p=31873","title":{"rendered":"U\u010denci prvega triletja v Pre\u0161ernovem gledali\u0161\u010du Kranj"},"content":{"rendered":"<p style=\"text-align: justify\">Mesec maj smo u\u010diteljice in u\u010denci 1. triletja O\u0160 Poljane in P\u0160 Javorje obogatili z <span style=\"color: #ff6600\"><strong>ogledom gledali\u0161ke predstave<\/strong><\/span> in <strong><span style=\"color: #ff6600\">obiskom mesta Kranj<\/span><\/strong>. <span style=\"color: #3366ff\">Prvo\u0161olci in drugo\u0161olci<\/span> so si ogledali predstavo <em><span style=\"color: #3366ff\">Kdo je Vidku napravil sraj\u010dico<\/span><\/em>, <span style=\"color: #3366ff\">tretje\u0161olci<\/span> pa predstavo <span style=\"color: #3366ff\"><em>Muca Copatarica<\/em><\/span>. Po predstavi smo obiskali park <span style=\"color: #008000\">Pre\u0161ernov gaj<\/span> in se sprehodili po <span style=\"color: #008000\">starem delu mesta<\/span>. Opazovali smo \u0161tevilne kulturne znamenitosti, med njimi tudi <span style=\"color: #008000\">Pre\u0161ernov spominski muzej<\/span> na Pre\u0161ernovi ulici, kjer je dr. France Pre\u0161eren pre\u017eivel zadnja leta svojega \u017eivljenja.<br \/>\nSpoznali smo, da nam Kranj v svojem osr\u010dju \u2013 starem mestnem jedru &#8211; ponuja mnogo kulturnih ustanov in znamenitosti, ki jih bomo zagotovo \u0161e kdaj obiskali.<\/p>\n<p><em><strong>Alenka Jelov\u010dan<\/strong><\/em><\/p>\n<p>&nbsp;<\/p>\n<h4 style=\"text-align: center\"><span style=\"color: #0000ff\"><strong>2. RAZRED<\/strong><\/span><\/h4>\nngg_shortcode_0_placeholder\n<h4>&nbsp;<\/h4>\n<h4 style=\"text-align: center\"><strong><span style=\"color: #0000ff\">3. RAZRED&nbsp;<\/span><\/strong><\/h4>\nngg_shortcode_1_placeholder\n","protected":false},"excerpt":{"rendered":"<p>Mesec maj smo u\u010diteljice in u\u010denci 1. triletja O\u0160 Poljane [&hellip;]<\/p>\n","protected":false},"author":56163,"featured_media":31919,"comment_status":"closed","ping_status":"open","sticky":false,"template":"","format":"standard","meta":{"ngg_post_thumbnail":0,"footnotes":""},"categories":[7,55],"tags":[],"class_list":["post-31873","post","type-post","status-publish","format-standard","has-post-thumbnail","hentry","category-dnevi-dejavnosti","category-dogajanje"],"_links":{"self":[{"href":"https:\/\/sola-poljane.splet.arnes.si\/index.php?rest_route=\/wp\/v2\/posts\/31873","targetHints":{"allow":["GET"]}}],"collection":[{"href":"https:\/\/sola-poljane.splet.arnes.si\/index.php?rest_route=\/wp\/v2\/posts"}],"about":[{"href":"https:\/\/sola-poljane.splet.arnes.si\/index.php?rest_route=\/wp\/v2\/types\/post"}],"author":[{"embeddable":true,"href":"https:\/\/sola-poljane.splet.arnes.si\/index.php?rest_route=\/wp\/v2\/users\/56163"}],"replies":[{"embeddable":true,"href":"https:\/\/sola-poljane.splet.arnes.si\/index.php?rest_route=%2Fwp%2Fv2%2Fcomments&post=31873"}],"version-history":[{"count":7,"href":"https:\/\/sola-poljane.splet.arnes.si\/index.php?rest_route=\/wp\/v2\/posts\/31873\/revisions"}],"predecessor-version":[{"id":31920,"href":"https:\/\/sola-poljane.splet.arnes.si\/index.php?rest_route=\/wp\/v2\/posts\/31873\/revisions\/31920"}],"wp:featuredmedia":[{"embeddable":true,"href":"https:\/\/sola-poljane.splet.arnes.si\/index.php?rest_route=\/wp\/v2\/media\/31919"}],"wp:attachment":[{"href":"https:\/\/sola-poljane.splet.arnes.si\/index.php?rest_route=%2Fwp%2Fv2%2Fmedia&parent=31873"}],"wp:term":[{"taxonomy":"category","embeddable":true,"href":"https:\/\/sola-poljane.splet.arnes.si\/index.php?rest_route=%2Fwp%2Fv2%2Fcategories&post=31873"},{"taxonomy":"post_tag","embeddable":true,"href":"https:\/\/sola-poljane.splet.arnes.si\/index.php?rest_route=%2Fwp%2Fv2%2Ftags&post=31873"}],"curies":[{"name":"wp","href":"https:\/\/api.w.org\/{rel}","templated":true}]}}