{"id":31780,"date":"2023-05-29T21:59:49","date_gmt":"2023-05-29T19:59:49","guid":{"rendered":"https:\/\/sola-poljane.splet.arnes.si\/?p=31780"},"modified":"2023-05-29T22:00:58","modified_gmt":"2023-05-29T20:00:58","slug":"zmaga-na-drzavnem-prvenstvu-v-kosarki-za-u14","status":"publish","type":"post","link":"https:\/\/sola-poljane.splet.arnes.si\/?p=31780","title":{"rendered":"V zmagovalni ekipi deklet na dr\u017eavnem prvenstvu v ko\u0161arki za U14 tudi tri na\u0161e u\u010denke!"},"content":{"rendered":"<p style=\"text-align: justify\">26. in 28. maja je v Roga\u0161ki Slatini potekalo <span style=\"color: #ff6600\"><strong>dr\u017eavno prvenstvo deklet U14 v ko\u0161arki<\/strong><\/span> in <span style=\"color: #ff6600\"><strong>naslov prvakinj<\/strong><\/span> so dosegle <span style=\"color: #ff6600\">ko\u0161arkarice kluba <strong>Domel \u0160kofja Loka<\/strong><\/span>. S ponosom lahko delimo to informacijo z vami, saj so KK \u0160kofja Loka zastopale <span style=\"color: #ff6600\">tri u\u010denke na\u0161e \u0161ole<\/span>. <span style=\"color: #3366ff\"><strong>Tija Kisovec<\/strong> <\/span>je postala <span style=\"color: #3366ff\">MVP<\/span> \u2013 najkoristnej\u0161a igralka turnirja, <span style=\"color: #3366ff\"><strong>Ema Kr\u017ei\u0161nik<\/strong><\/span> je bila i<span style=\"color: #3366ff\">zbrana v peterko najbolj\u0161ih igralk turnirja<\/span>. Ekipi se je pridru\u017eila \u0161e <span style=\"color: #3366ff\"><strong>Angelika Strel<\/strong><\/span>.<\/p>\n<p><strong>\u010cestitamo!<\/strong><\/p>\n<p>&nbsp;<\/p>\n<p><img loading=\"lazy\" decoding=\"async\" class=\"aligncenter size-full wp-image-31781\" src=\"https:\/\/sola-poljane.splet.arnes.si\/files\/2023\/05\/KosarkaU14_DP2023.jpg\" alt=\"\" width=\"900\" height=\"599\" srcset=\"https:\/\/sola-poljane.splet.arnes.si\/files\/2023\/05\/KosarkaU14_DP2023.jpg 900w, https:\/\/sola-poljane.splet.arnes.si\/files\/2023\/05\/KosarkaU14_DP2023-300x200.jpg 300w, https:\/\/sola-poljane.splet.arnes.si\/files\/2023\/05\/KosarkaU14_DP2023-768x511.jpg 768w, https:\/\/sola-poljane.splet.arnes.si\/files\/2023\/05\/KosarkaU14_DP2023-83x55.jpg 83w, https:\/\/sola-poljane.splet.arnes.si\/files\/2023\/05\/KosarkaU14_DP2023-624x415.jpg 624w, https:\/\/sola-poljane.splet.arnes.si\/files\/2023\/05\/KosarkaU14_DP2023-84x56.jpg 84w\" sizes=\"auto, (max-width: 900px) 100vw, 900px\" \/><\/p>\n","protected":false},"excerpt":{"rendered":"<p>26. in 28. maja je v Roga\u0161ki Slatini potekalo dr\u017eavno [&hellip;]<\/p>\n","protected":false},"author":1973,"featured_media":31781,"comment_status":"closed","ping_status":"open","sticky":false,"template":"","format":"standard","meta":{"ngg_post_thumbnail":0,"footnotes":""},"categories":[55,59],"tags":[],"class_list":["post-31780","post","type-post","status-publish","format-standard","has-post-thumbnail","hentry","category-dogajanje","category-sportna-tekmovanja"],"_links":{"self":[{"href":"https:\/\/sola-poljane.splet.arnes.si\/index.php?rest_route=\/wp\/v2\/posts\/31780","targetHints":{"allow":["GET"]}}],"collection":[{"href":"https:\/\/sola-poljane.splet.arnes.si\/index.php?rest_route=\/wp\/v2\/posts"}],"about":[{"href":"https:\/\/sola-poljane.splet.arnes.si\/index.php?rest_route=\/wp\/v2\/types\/post"}],"author":[{"embeddable":true,"href":"https:\/\/sola-poljane.splet.arnes.si\/index.php?rest_route=\/wp\/v2\/users\/1973"}],"replies":[{"embeddable":true,"href":"https:\/\/sola-poljane.splet.arnes.si\/index.php?rest_route=%2Fwp%2Fv2%2Fcomments&post=31780"}],"version-history":[{"count":5,"href":"https:\/\/sola-poljane.splet.arnes.si\/index.php?rest_route=\/wp\/v2\/posts\/31780\/revisions"}],"predecessor-version":[{"id":31811,"href":"https:\/\/sola-poljane.splet.arnes.si\/index.php?rest_route=\/wp\/v2\/posts\/31780\/revisions\/31811"}],"wp:featuredmedia":[{"embeddable":true,"href":"https:\/\/sola-poljane.splet.arnes.si\/index.php?rest_route=\/wp\/v2\/media\/31781"}],"wp:attachment":[{"href":"https:\/\/sola-poljane.splet.arnes.si\/index.php?rest_route=%2Fwp%2Fv2%2Fmedia&parent=31780"}],"wp:term":[{"taxonomy":"category","embeddable":true,"href":"https:\/\/sola-poljane.splet.arnes.si\/index.php?rest_route=%2Fwp%2Fv2%2Fcategories&post=31780"},{"taxonomy":"post_tag","embeddable":true,"href":"https:\/\/sola-poljane.splet.arnes.si\/index.php?rest_route=%2Fwp%2Fv2%2Ftags&post=31780"}],"curies":[{"name":"wp","href":"https:\/\/api.w.org\/{rel}","templated":true}]}}