{"id":31740,"date":"2023-05-25T12:38:50","date_gmt":"2023-05-25T10:38:50","guid":{"rendered":"https:\/\/sola-poljane.splet.arnes.si\/?p=31740"},"modified":"2023-05-25T12:38:50","modified_gmt":"2023-05-25T10:38:50","slug":"medobcinsko-in-podrocno-prvenstvo-v-atletiki","status":"publish","type":"post","link":"https:\/\/sola-poljane.splet.arnes.si\/?p=31740","title":{"rendered":"Medob\u010dinsko in podro\u010dno prvenstvo v atletiki"},"content":{"rendered":"<p style=\"text-align: justify\">V \u010detrtek, 18. maja, smo se udele\u017eili <span style=\"color: #ff6600\"><strong>medob\u010dinskega prvenstva v atletiki v \u0160kofji Loki<\/strong><\/span>. Po prestavitvi termina nam je vreme le prizaneslo in u\u010denke ter u\u010denci so lahko prikazali svoje sposobnosti. Najbolje so se odrezali <span style=\"color: #3366ff\"><strong>Benjamin Treven<\/strong><\/span>, ki je v teku na 1000 metrov osvojil 3. mesto, ter <strong><span style=\"color: #3366ff\">Ga\u0161per Drnov\u0161ek<\/span> <\/strong>ter <span style=\"color: #3366ff\"><strong>Ema Klemen\u010di\u010d<\/strong><\/span> v teku na 60 metrov, ki sta osvojila 2. mesto. Odli\u010dne dose\u017eke so dosegli tudi ostali u\u010denci in u\u010denke, njihove rezultate pa si lahko ogledate v priponkah.<\/p>\n<p style=\"text-align: justify\">Na <span style=\"color: #ff6600\"><strong>regijsko tekmovanje<\/strong><\/span> se je uvrstilo devet na\u0161ih u\u010dencev. Tekmovanje je potekalo v torek, 23. maja, v Kranju v popoldanskem \u010dasu. Najve\u010d uspeha so imeli <strong><span style=\"color: #3366ff\">Ema Klemen\u010di\u010d<\/span> <\/strong>in <span style=\"color: #3366ff\"><strong>Ga\u0161per Drnov\u0161ek<\/strong><\/span> v teku na 60 metrov \u2013 osvojila sta 4. in 8. mesto \u2013 ter <strong><span style=\"color: #3366ff\">Benjamin Drnov\u0161ek<\/span><\/strong>, ki je v teku na 1000 metrov osvojil 10. mesto.<\/p>\n<p style=\"text-align: justify\"><strong>Vsem \u010destitamo za dose\u017eene rezultate in za ves trud, ki so ga pokazali na tekmovanju.<\/strong><\/p>\n<p>&nbsp;<\/p>\n<p style=\"text-align: justify\"><strong><em>Uro\u0161 \u010cade\u017e<\/em><\/strong><\/p>\n<p>&nbsp;<\/p>\n<p><img loading=\"lazy\" decoding=\"async\" class=\"aligncenter\" src=\"https:\/\/sola-poljane.splet.arnes.si\/files\/2023\/05\/1684905367325-manjsa.jpg\" width=\"377\" height=\"390\"><\/p>\n<p><img loading=\"lazy\" decoding=\"async\" class=\"wp-image-31743 aligncenter\" src=\"https:\/\/sola-poljane.splet.arnes.si\/files\/2023\/05\/1684905367305-manjsa.jpg\" alt=\"\" width=\"376\" height=\"465\" srcset=\"https:\/\/sola-poljane.splet.arnes.si\/files\/2023\/05\/1684905367305-manjsa.jpg 800w, https:\/\/sola-poljane.splet.arnes.si\/files\/2023\/05\/1684905367305-manjsa-243x300.jpg 243w, https:\/\/sola-poljane.splet.arnes.si\/files\/2023\/05\/1684905367305-manjsa-768x948.jpg 768w, https:\/\/sola-poljane.splet.arnes.si\/files\/2023\/05\/1684905367305-manjsa-45x55.jpg 45w, https:\/\/sola-poljane.splet.arnes.si\/files\/2023\/05\/1684905367305-manjsa-624x771.jpg 624w\" sizes=\"auto, (max-width: 376px) 100vw, 376px\" \/><a href=\"https:\/\/sola-poljane.splet.arnes.si\/files\/2023\/05\/1684905367319-manjsa.jpg\"><img loading=\"lazy\" decoding=\"async\" class=\"wp-image-31744 aligncenter\" src=\"https:\/\/sola-poljane.splet.arnes.si\/files\/2023\/05\/1684905367319-manjsa.jpg\" alt=\"\" width=\"377\" height=\"437\" srcset=\"https:\/\/sola-poljane.splet.arnes.si\/files\/2023\/05\/1684905367319-manjsa.jpg 589w, https:\/\/sola-poljane.splet.arnes.si\/files\/2023\/05\/1684905367319-manjsa-259x300.jpg 259w, https:\/\/sola-poljane.splet.arnes.si\/files\/2023\/05\/1684905367319-manjsa-48x55.jpg 48w\" sizes=\"auto, (max-width: 377px) 100vw, 377px\" \/><\/a><\/p>\n<p>&nbsp;<\/p>\n<p><a href=\"https:\/\/sola-poljane.splet.arnes.si\/files\/2023\/05\/Atletika-posamicna-OS-podrocno.pdf\">Atletika posami\u010dna O\u0160 &#8211; podro\u010dno<\/a><\/p>\n<p><a href=\"https:\/\/sola-poljane.splet.arnes.si\/files\/2023\/05\/Medobcinsko-prvenstvo-v-atletiki-Skofja-Loka-2023-rezultati-mlajsi.xlsx\">Medob\u010dinsko prvenstvo v atletiki \u0160kofja Loka 2023 &#8211; rezultati mlaj\u0161i<\/a><\/p>\n<p><a href=\"https:\/\/sola-poljane.splet.arnes.si\/files\/2023\/05\/Medobcinsko-prvenstvo-v-atletiki-Zelezniki-2023-starejse-deklice-in-decki-rezultati.xlsx\">Medob\u010dinsko prvenstvo v atletiki \u017delezniki 2023 &#8211; starej\u0161e deklice in de\u010dki &#8211; rezultati<\/a><\/p>\n<p>&nbsp;<\/p>\n","protected":false},"excerpt":{"rendered":"<p>V \u010detrtek, 18. maja, smo se udele\u017eili medob\u010dinskega prvenstva v [&hellip;]<\/p>\n","protected":false},"author":56163,"featured_media":31745,"comment_status":"closed","ping_status":"open","sticky":false,"template":"","format":"standard","meta":{"ngg_post_thumbnail":0,"footnotes":""},"categories":[55,59],"tags":[],"class_list":["post-31740","post","type-post","status-publish","format-standard","has-post-thumbnail","hentry","category-dogajanje","category-sportna-tekmovanja"],"_links":{"self":[{"href":"https:\/\/sola-poljane.splet.arnes.si\/index.php?rest_route=\/wp\/v2\/posts\/31740","targetHints":{"allow":["GET"]}}],"collection":[{"href":"https:\/\/sola-poljane.splet.arnes.si\/index.php?rest_route=\/wp\/v2\/posts"}],"about":[{"href":"https:\/\/sola-poljane.splet.arnes.si\/index.php?rest_route=\/wp\/v2\/types\/post"}],"author":[{"embeddable":true,"href":"https:\/\/sola-poljane.splet.arnes.si\/index.php?rest_route=\/wp\/v2\/users\/56163"}],"replies":[{"embeddable":true,"href":"https:\/\/sola-poljane.splet.arnes.si\/index.php?rest_route=%2Fwp%2Fv2%2Fcomments&post=31740"}],"version-history":[{"count":3,"href":"https:\/\/sola-poljane.splet.arnes.si\/index.php?rest_route=\/wp\/v2\/posts\/31740\/revisions"}],"predecessor-version":[{"id":31749,"href":"https:\/\/sola-poljane.splet.arnes.si\/index.php?rest_route=\/wp\/v2\/posts\/31740\/revisions\/31749"}],"wp:featuredmedia":[{"embeddable":true,"href":"https:\/\/sola-poljane.splet.arnes.si\/index.php?rest_route=\/wp\/v2\/media\/31745"}],"wp:attachment":[{"href":"https:\/\/sola-poljane.splet.arnes.si\/index.php?rest_route=%2Fwp%2Fv2%2Fmedia&parent=31740"}],"wp:term":[{"taxonomy":"category","embeddable":true,"href":"https:\/\/sola-poljane.splet.arnes.si\/index.php?rest_route=%2Fwp%2Fv2%2Fcategories&post=31740"},{"taxonomy":"post_tag","embeddable":true,"href":"https:\/\/sola-poljane.splet.arnes.si\/index.php?rest_route=%2Fwp%2Fv2%2Ftags&post=31740"}],"curies":[{"name":"wp","href":"https:\/\/api.w.org\/{rel}","templated":true}]}}