{"id":31696,"date":"2023-05-23T12:37:22","date_gmt":"2023-05-23T10:37:22","guid":{"rendered":"https:\/\/sola-poljane.splet.arnes.si\/?p=31696"},"modified":"2023-05-23T12:37:22","modified_gmt":"2023-05-23T10:37:22","slug":"bicikl-2023","status":"publish","type":"post","link":"https:\/\/sola-poljane.splet.arnes.si\/?p=31696","title":{"rendered":"Bicikl 2023"},"content":{"rendered":"<p style=\"text-align: justify\">Prej\u0161nji teden je na O\u0160 Ivana Tav\u010darja v Gorenji vasi potekalo <span style=\"color: #0000ff\"><strong>ob\u010dinsko tekmovanje Bicikl<\/strong><\/span>. Na njem so nastopili tudi u\u010denci na\u0161e \u0161ole. Tekmovali so v dveh kategorijah: <span style=\"color: #0000ff\">u\u010denci 5. razreda, ki so ravno opravili kolesarski izpit<\/span> ter <span style=\"color: #0000ff\">skupina starej\u0161ih u\u010dencev od 6. do 9. razreda<\/span>. V tej skupini je zmagal u\u010denec na\u0161e \u0161ole <span style=\"color: #0000ff\"><strong>Amadej&nbsp; Dem\u0161ar<\/strong><\/span>, ki si je privozil mo\u017enost nastopa na dr\u017eavnem tekmovanju.<\/p>\n<p style=\"text-align: justify\"><span style=\"color: #ff6600\"><strong>Iskrene \u010destitke in veliko uspeha \u017eelimo Amadeju!<\/strong><\/span><\/p>\n<p>&nbsp;<\/p>\nngg_shortcode_0_placeholder\n","protected":false},"excerpt":{"rendered":"<p>Prej\u0161nji teden je na O\u0160 Ivana Tav\u010darja v Gorenji vasi [&hellip;]<\/p>\n","protected":false},"author":56163,"featured_media":31708,"comment_status":"closed","ping_status":"open","sticky":false,"template":"","format":"standard","meta":{"ngg_post_thumbnail":0,"footnotes":""},"categories":[55,59],"tags":[],"class_list":["post-31696","post","type-post","status-publish","format-standard","has-post-thumbnail","hentry","category-dogajanje","category-sportna-tekmovanja"],"_links":{"self":[{"href":"https:\/\/sola-poljane.splet.arnes.si\/index.php?rest_route=\/wp\/v2\/posts\/31696","targetHints":{"allow":["GET"]}}],"collection":[{"href":"https:\/\/sola-poljane.splet.arnes.si\/index.php?rest_route=\/wp\/v2\/posts"}],"about":[{"href":"https:\/\/sola-poljane.splet.arnes.si\/index.php?rest_route=\/wp\/v2\/types\/post"}],"author":[{"embeddable":true,"href":"https:\/\/sola-poljane.splet.arnes.si\/index.php?rest_route=\/wp\/v2\/users\/56163"}],"replies":[{"embeddable":true,"href":"https:\/\/sola-poljane.splet.arnes.si\/index.php?rest_route=%2Fwp%2Fv2%2Fcomments&post=31696"}],"version-history":[{"count":3,"href":"https:\/\/sola-poljane.splet.arnes.si\/index.php?rest_route=\/wp\/v2\/posts\/31696\/revisions"}],"predecessor-version":[{"id":31709,"href":"https:\/\/sola-poljane.splet.arnes.si\/index.php?rest_route=\/wp\/v2\/posts\/31696\/revisions\/31709"}],"wp:featuredmedia":[{"embeddable":true,"href":"https:\/\/sola-poljane.splet.arnes.si\/index.php?rest_route=\/wp\/v2\/media\/31708"}],"wp:attachment":[{"href":"https:\/\/sola-poljane.splet.arnes.si\/index.php?rest_route=%2Fwp%2Fv2%2Fmedia&parent=31696"}],"wp:term":[{"taxonomy":"category","embeddable":true,"href":"https:\/\/sola-poljane.splet.arnes.si\/index.php?rest_route=%2Fwp%2Fv2%2Fcategories&post=31696"},{"taxonomy":"post_tag","embeddable":true,"href":"https:\/\/sola-poljane.splet.arnes.si\/index.php?rest_route=%2Fwp%2Fv2%2Ftags&post=31696"}],"curies":[{"name":"wp","href":"https:\/\/api.w.org\/{rel}","templated":true}]}}