{"id":31290,"date":"2023-05-14T17:52:59","date_gmt":"2023-05-14T15:52:59","guid":{"rendered":"https:\/\/sola-poljane.splet.arnes.si\/?p=31290"},"modified":"2023-05-14T18:05:38","modified_gmt":"2023-05-14T16:05:38","slug":"zlatobrad-tavcarjev-skrivnostni-skrat","status":"publish","type":"post","link":"https:\/\/sola-poljane.splet.arnes.si\/?p=31290","title":{"rendered":"Zlatobrad, Tav\u010darjev skrivnostni \u0161krat"},"content":{"rendered":"<p style=\"text-align: justify\">V torek, 9. 5. 2023, so se u\u010denci 1. a in 1. b odpravili <strong>na Visoko<\/strong>. Tam sta jih pri\u010dakala <em><strong>\u017eupan Milan \u010cade\u017e<\/strong><\/em> in <em><strong>pisatelj Ivan Sivec<\/strong><\/em>. V okviru projekta <span style=\"color: #ff6600\"><strong>\u00bbTav\u010darjevo leto\u00ab<\/strong> <\/span>je nastala tudi pravljica <span style=\"color: #ff6600\">\u00bbZlatobrad, Tav\u010darjev skrivnosti \u0161krat\u00ab<\/span>. \u017dupan je u\u010dence prijazno nagovoril, pisatelj pa predstavil svojo pravljico. Pravljico sta u\u010dencem tudi podarila. Sledil je \u0161e sladek zaklju\u010dek, saj so se u\u010denci posladkali s kepico sladoleda.<\/p>\n<p style=\"text-align: justify\"><em><strong>\u017diva Bogataj<\/strong><\/em><\/p>\n<p style=\"text-align: justify\">&nbsp;<\/p>\nngg_shortcode_0_placeholder\n","protected":false},"excerpt":{"rendered":"<p>V torek, 9. 5. 2023, so se u\u010denci 1. a [&hellip;]<\/p>\n","protected":false},"author":56163,"featured_media":31301,"comment_status":"closed","ping_status":"open","sticky":false,"template":"","format":"standard","meta":{"ngg_post_thumbnail":0,"footnotes":""},"categories":[33,7,55,61],"tags":[],"class_list":["post-31290","post","type-post","status-publish","format-standard","has-post-thumbnail","hentry","category-1-triletje","category-dnevi-dejavnosti","category-dogajanje","category-unesco"],"_links":{"self":[{"href":"https:\/\/sola-poljane.splet.arnes.si\/index.php?rest_route=\/wp\/v2\/posts\/31290","targetHints":{"allow":["GET"]}}],"collection":[{"href":"https:\/\/sola-poljane.splet.arnes.si\/index.php?rest_route=\/wp\/v2\/posts"}],"about":[{"href":"https:\/\/sola-poljane.splet.arnes.si\/index.php?rest_route=\/wp\/v2\/types\/post"}],"author":[{"embeddable":true,"href":"https:\/\/sola-poljane.splet.arnes.si\/index.php?rest_route=\/wp\/v2\/users\/56163"}],"replies":[{"embeddable":true,"href":"https:\/\/sola-poljane.splet.arnes.si\/index.php?rest_route=%2Fwp%2Fv2%2Fcomments&post=31290"}],"version-history":[{"count":3,"href":"https:\/\/sola-poljane.splet.arnes.si\/index.php?rest_route=\/wp\/v2\/posts\/31290\/revisions"}],"predecessor-version":[{"id":31302,"href":"https:\/\/sola-poljane.splet.arnes.si\/index.php?rest_route=\/wp\/v2\/posts\/31290\/revisions\/31302"}],"wp:featuredmedia":[{"embeddable":true,"href":"https:\/\/sola-poljane.splet.arnes.si\/index.php?rest_route=\/wp\/v2\/media\/31301"}],"wp:attachment":[{"href":"https:\/\/sola-poljane.splet.arnes.si\/index.php?rest_route=%2Fwp%2Fv2%2Fmedia&parent=31290"}],"wp:term":[{"taxonomy":"category","embeddable":true,"href":"https:\/\/sola-poljane.splet.arnes.si\/index.php?rest_route=%2Fwp%2Fv2%2Fcategories&post=31290"},{"taxonomy":"post_tag","embeddable":true,"href":"https:\/\/sola-poljane.splet.arnes.si\/index.php?rest_route=%2Fwp%2Fv2%2Ftags&post=31290"}],"curies":[{"name":"wp","href":"https:\/\/api.w.org\/{rel}","templated":true}]}}