{"id":30758,"date":"2023-04-07T23:00:37","date_gmt":"2023-04-07T21:00:37","guid":{"rendered":"https:\/\/sola-poljane.splet.arnes.si\/?p=30758"},"modified":"2023-04-13T20:37:18","modified_gmt":"2023-04-13T18:37:18","slug":"drzavno-prvenstvo-v-smucarskih-skokih-z-alpskimi-smucmi-za-1-4-razred-planica","status":"publish","type":"post","link":"https:\/\/sola-poljane.splet.arnes.si\/?p=30758","title":{"rendered":"Dr\u017eavno prvenstvo v smu\u010darskih skokih z alpskimi smu\u010dmi za 1.\u20134. razred, Planica"},"content":{"rendered":"<p style=\"text-align: justify\">6. aprila 2023 je mrzla in son\u010dna napoved doma vse toplo oblekla, a \u017ee ob prihodu je bilo sonce mo\u010dno in tako tudi vzdu\u0161je prijetno. Ob \u00bbmali velikanki\u00ab, postavljeni na veliki velikanki, se je zbralo tudi kar nekaj star\u0161ev ter drugih navija\u010dev, ki so pripravili prijetno vzdu\u0161je.<br \/>\nOsem tekmovalcev iz na\u0161e \u0161ole se je udele\u017eilo tekmovanja in vsi so se pogumno spustili in izvedli lepe skoke. Diplomo za 5. mesto je osvojil <span style=\"color: #3366ff\"><strong>Nejc Tav\u010dar<\/strong><\/span>, neu\u010dakano pa so \u010dakali na klic na oder skoraj do konca kar trije u\u010denci oz. u\u010denke, ki so osvojili <strong><span style=\"color: #ff6600\">odli\u010dno drugo mesto<\/span><\/strong> in postali dr\u017eavni podprvaki \u2013 to so <span style=\"color: #3366ff\"><strong>Ajda Bogataj<\/strong><span style=\"color: #000000\">,<\/span><strong> Alenka Miklav\u010di\u010d<\/strong><\/span> in <span style=\"color: #3366ff\"><strong>Bla\u017e Pisk<\/strong><\/span>.<\/p>\n<p style=\"text-align: justify\">\u010cestitamo vsem nastopajo\u010dim!<\/p>\n<p>\u0160portni pozdrav<\/p>\n<p><em><strong>Uro\u0161 \u010cade\u017e<\/strong><\/em><\/p>\n<p>&nbsp;<\/p>\n<p>ngg_shortcode_0_placeholder<a href=\"https:\/\/sola-poljane.splet.arnes.si\/files\/2023\/04\/Pesem-Planica_obrezana.jpg\"><img loading=\"lazy\" decoding=\"async\" class=\"size-full wp-image-30849 aligncenter\" src=\"https:\/\/sola-poljane.splet.arnes.si\/files\/2023\/04\/Pesem-Planica_obrezana.jpg\" alt=\"\" width=\"569\" height=\"286\" srcset=\"https:\/\/sola-poljane.splet.arnes.si\/files\/2023\/04\/Pesem-Planica_obrezana.jpg 569w, https:\/\/sola-poljane.splet.arnes.si\/files\/2023\/04\/Pesem-Planica_obrezana-300x151.jpg 300w, https:\/\/sola-poljane.splet.arnes.si\/files\/2023\/04\/Pesem-Planica_obrezana-109x55.jpg 109w\" sizes=\"auto, (max-width: 569px) 100vw, 569px\" \/><\/a><\/p>\n<p>&nbsp;<\/p>\n<p>&nbsp;<\/p>\n<p><img decoding=\"async\" class=\"aligncenter\" src=\"https:\/\/sola-poljane.splet.arnes.si\/files\/2023\/04\/unnamed.jpg\"><\/p>\n<p>&nbsp;<\/p>\n<p><span style=\"color: #ff6600\"><strong>REZULTATI<\/strong><\/span><\/p>\n<p><a href=\"https:\/\/sola-poljane.splet.arnes.si\/files\/2023\/04\/DP-solski-otroci_Planica_06-04-2023_NSD-Ratece-Planica-rezultati.xlsx\">DP-\u0161olski otroci_Planica_06 04 2023_NSD Rate\u010de Planica rezultati<\/a><\/p>\n<p>&nbsp;<\/p>\n<p><span style=\"color: #ff6600\"><strong>Tu si lahko ogledate videoposnetek:<\/strong>&nbsp;<\/span><\/p>\n<p><span style=\"color: #000000\">Otroci pojejo &#8230;<\/span> <a href=\"https:\/\/www.youtube.com\/watch?v=gq2ob5Waysw&amp;ab_channel=AlbinNovsak\"><span style=\"color: #0000ff\"><strong>Planica, Planica &#8230;<\/strong><\/span><\/a><\/p>\n<p>&nbsp;<\/p>\n<p>&nbsp;<\/p>\n","protected":false},"excerpt":{"rendered":"<p>6. aprila 2023 je mrzla in son\u010dna napoved doma vse [&hellip;]<\/p>\n","protected":false},"author":56163,"featured_media":30793,"comment_status":"closed","ping_status":"open","sticky":false,"template":"","format":"standard","meta":{"ngg_post_thumbnail":0,"footnotes":""},"categories":[55,59],"tags":[],"class_list":["post-30758","post","type-post","status-publish","format-standard","has-post-thumbnail","hentry","category-dogajanje","category-sportna-tekmovanja"],"_links":{"self":[{"href":"https:\/\/sola-poljane.splet.arnes.si\/index.php?rest_route=\/wp\/v2\/posts\/30758","targetHints":{"allow":["GET"]}}],"collection":[{"href":"https:\/\/sola-poljane.splet.arnes.si\/index.php?rest_route=\/wp\/v2\/posts"}],"about":[{"href":"https:\/\/sola-poljane.splet.arnes.si\/index.php?rest_route=\/wp\/v2\/types\/post"}],"author":[{"embeddable":true,"href":"https:\/\/sola-poljane.splet.arnes.si\/index.php?rest_route=\/wp\/v2\/users\/56163"}],"replies":[{"embeddable":true,"href":"https:\/\/sola-poljane.splet.arnes.si\/index.php?rest_route=%2Fwp%2Fv2%2Fcomments&post=30758"}],"version-history":[{"count":7,"href":"https:\/\/sola-poljane.splet.arnes.si\/index.php?rest_route=\/wp\/v2\/posts\/30758\/revisions"}],"predecessor-version":[{"id":30851,"href":"https:\/\/sola-poljane.splet.arnes.si\/index.php?rest_route=\/wp\/v2\/posts\/30758\/revisions\/30851"}],"wp:featuredmedia":[{"embeddable":true,"href":"https:\/\/sola-poljane.splet.arnes.si\/index.php?rest_route=\/wp\/v2\/media\/30793"}],"wp:attachment":[{"href":"https:\/\/sola-poljane.splet.arnes.si\/index.php?rest_route=%2Fwp%2Fv2%2Fmedia&parent=30758"}],"wp:term":[{"taxonomy":"category","embeddable":true,"href":"https:\/\/sola-poljane.splet.arnes.si\/index.php?rest_route=%2Fwp%2Fv2%2Fcategories&post=30758"},{"taxonomy":"post_tag","embeddable":true,"href":"https:\/\/sola-poljane.splet.arnes.si\/index.php?rest_route=%2Fwp%2Fv2%2Ftags&post=30758"}],"curies":[{"name":"wp","href":"https:\/\/api.w.org\/{rel}","templated":true}]}}