{"id":30633,"date":"2023-04-06T06:40:51","date_gmt":"2023-04-06T04:40:51","guid":{"rendered":"https:\/\/sola-poljane.splet.arnes.si\/?p=30633"},"modified":"2023-04-11T22:06:56","modified_gmt":"2023-04-11T20:06:56","slug":"ob-prihodu-pomladi-obiskali-starejse-krajane-2","status":"publish","type":"post","link":"https:\/\/sola-poljane.splet.arnes.si\/?p=30633","title":{"rendered":"Ob prihodu pomladi obiskali starej\u0161e krajane"},"content":{"rendered":"<p><a href=\"https:\/\/sola-poljane.splet.arnes.si\/files\/2023\/04\/Pomladna-pesmica.png\"><img loading=\"lazy\" decoding=\"async\" class=\"size-full wp-image-30634 aligncenter\" src=\"https:\/\/sola-poljane.splet.arnes.si\/files\/2023\/04\/Pomladna-pesmica.png\" alt=\"\" width=\"227\" height=\"213\" srcset=\"https:\/\/sola-poljane.splet.arnes.si\/files\/2023\/04\/Pomladna-pesmica.png 227w, https:\/\/sola-poljane.splet.arnes.si\/files\/2023\/04\/Pomladna-pesmica-59x55.png 59w\" sizes=\"auto, (max-width: 227px) 100vw, 227px\" \/><\/a><\/p>\n<p style=\"text-align: justify\">Ta del pomladne pesmi je poleg prisr\u010dnih pozdravov u\u010dencev in delavcev \u0161ole bil zapisan na hrbtni strani izdelka, ki so ga <span style=\"color: #ff6600\"><strong>u\u010denci 1. triletja<\/strong><\/span> izdelali na svojem 3. tehni\u0161kem dnevu. Za motiv so naslikali \u0161opek cvetja, ki so ga ob prihodu pomladi v zadnjih dneh marca <span style=\"color: #ff6600\">na vo\u0161\u010dilnicah ponesli do krajanov KS Poljane, starih nad 75 let<\/span>. Zadnja tri leta so bili obiski prekinjeni zaradi covida, letos pa je ta na\u010din medgeneracijskega povezovanja spet lahko stekel. Ve\u010d kot 90 u\u010dencev cele \u0161ole je obiskalo okrog 180 krajanov na domu. Upamo, da so medsebojna sre\u010danja vsaj malo ogrela srca na\u0161ih starej\u0161ih krajanov, u\u010denci pa dodali kamen\u010dek v svoj mozaik dobrodelnosti.<\/p>\n<p style=\"text-align: justify\">U\u010denci so del TD namenili tudi izdelovanju <span style=\"color: #ff6600\">presene\u010denja za star\u0161e<\/span> in <span style=\"color: #ff6600\">razredni pomladni dekoraciji<\/span>.<\/p>\n<p style=\"text-align: justify\"><em><strong>Irma \u010cade\u017e, vodja TD<\/strong><\/em><\/p>\n<p style=\"text-align: justify\">&nbsp;<\/p>\n<p style=\"text-align: center\"><span style=\"color: #3366ff\"><strong>1. razred&nbsp;<\/strong><\/span><\/p>\nngg_shortcode_0_placeholder\n<p style=\"text-align: center\"><span style=\"color: #3366ff\"><strong>2. razred&nbsp;<\/strong><\/span><\/p>\nngg_shortcode_1_placeholder\n<p style=\"text-align: center\"><span style=\"color: #3366ff\"><strong>3. razred&nbsp;<\/strong><\/span><\/p>\nngg_shortcode_2_placeholder\n","protected":false},"excerpt":{"rendered":"<p>Ta del pomladne pesmi je poleg prisr\u010dnih pozdravov u\u010dencev in [&hellip;]<\/p>\n","protected":false},"author":56163,"featured_media":30696,"comment_status":"closed","ping_status":"open","sticky":false,"template":"","format":"standard","meta":{"ngg_post_thumbnail":0,"footnotes":""},"categories":[7,55,61],"tags":[],"class_list":["post-30633","post","type-post","status-publish","format-standard","has-post-thumbnail","hentry","category-dnevi-dejavnosti","category-dogajanje","category-unesco"],"_links":{"self":[{"href":"https:\/\/sola-poljane.splet.arnes.si\/index.php?rest_route=\/wp\/v2\/posts\/30633","targetHints":{"allow":["GET"]}}],"collection":[{"href":"https:\/\/sola-poljane.splet.arnes.si\/index.php?rest_route=\/wp\/v2\/posts"}],"about":[{"href":"https:\/\/sola-poljane.splet.arnes.si\/index.php?rest_route=\/wp\/v2\/types\/post"}],"author":[{"embeddable":true,"href":"https:\/\/sola-poljane.splet.arnes.si\/index.php?rest_route=\/wp\/v2\/users\/56163"}],"replies":[{"embeddable":true,"href":"https:\/\/sola-poljane.splet.arnes.si\/index.php?rest_route=%2Fwp%2Fv2%2Fcomments&post=30633"}],"version-history":[{"count":7,"href":"https:\/\/sola-poljane.splet.arnes.si\/index.php?rest_route=\/wp\/v2\/posts\/30633\/revisions"}],"predecessor-version":[{"id":30697,"href":"https:\/\/sola-poljane.splet.arnes.si\/index.php?rest_route=\/wp\/v2\/posts\/30633\/revisions\/30697"}],"wp:featuredmedia":[{"embeddable":true,"href":"https:\/\/sola-poljane.splet.arnes.si\/index.php?rest_route=\/wp\/v2\/media\/30696"}],"wp:attachment":[{"href":"https:\/\/sola-poljane.splet.arnes.si\/index.php?rest_route=%2Fwp%2Fv2%2Fmedia&parent=30633"}],"wp:term":[{"taxonomy":"category","embeddable":true,"href":"https:\/\/sola-poljane.splet.arnes.si\/index.php?rest_route=%2Fwp%2Fv2%2Fcategories&post=30633"},{"taxonomy":"post_tag","embeddable":true,"href":"https:\/\/sola-poljane.splet.arnes.si\/index.php?rest_route=%2Fwp%2Fv2%2Ftags&post=30633"}],"curies":[{"name":"wp","href":"https:\/\/api.w.org\/{rel}","templated":true}]}}