{"id":30540,"date":"2023-03-29T21:26:13","date_gmt":"2023-03-29T19:26:13","guid":{"rendered":"https:\/\/sola-poljane.splet.arnes.si\/?p=30540"},"modified":"2023-03-29T21:26:13","modified_gmt":"2023-03-29T19:26:13","slug":"prvosolci-so-obiskali-vrtnarstvo-cadez","status":"publish","type":"post","link":"https:\/\/sola-poljane.splet.arnes.si\/?p=30540","title":{"rendered":"Prvo\u0161olci so obiskali Vrtnarstvo \u010cade\u017e"},"content":{"rendered":"<p>U\u010denci 1. razreda so v okviru ND \u2013 <span style=\"color: #008000\">\u00bbSejem in sadim\u00ab<\/span> obiskali <strong><span style=\"color: #008000\">Vrtnarstvo \u010cade\u017e<\/span><\/strong>.<\/p>\n<p>Preizkusili so se v sejanju in presajanju rastlin ter opazovali zalivanje njihovih ekolo\u0161kih sadik.<br \/>\nSadike, ki so jih presadili, so odnesli domov. \u010ce bodo zanje uspe\u0161no skrbeli, bodo zagotovo son\u010dnica, tegetes, \u010debula in solata razveseljevale na njihovih doma\u010dih vrtovi.<\/p>\n<p>Vrtnarstvu \u010cade\u017e se zahvaljujemo za prijazen sprejem ter pripravljenost nam pokazati in razkazati njihovo vrtnarijo.<\/p>\n<p><em><strong>\u017diva Bogataj<\/strong><\/em><\/p>\n<p>&nbsp;<\/p>\nngg_shortcode_0_placeholder\n","protected":false},"excerpt":{"rendered":"<p>U\u010denci 1. razreda so v okviru ND \u2013 \u00bbSejem in [&hellip;]<\/p>\n","protected":false},"author":56163,"featured_media":30556,"comment_status":"closed","ping_status":"open","sticky":false,"template":"","format":"standard","meta":{"ngg_post_thumbnail":0,"footnotes":""},"categories":[7,55],"tags":[],"class_list":["post-30540","post","type-post","status-publish","format-standard","has-post-thumbnail","hentry","category-dnevi-dejavnosti","category-dogajanje"],"_links":{"self":[{"href":"https:\/\/sola-poljane.splet.arnes.si\/index.php?rest_route=\/wp\/v2\/posts\/30540","targetHints":{"allow":["GET"]}}],"collection":[{"href":"https:\/\/sola-poljane.splet.arnes.si\/index.php?rest_route=\/wp\/v2\/posts"}],"about":[{"href":"https:\/\/sola-poljane.splet.arnes.si\/index.php?rest_route=\/wp\/v2\/types\/post"}],"author":[{"embeddable":true,"href":"https:\/\/sola-poljane.splet.arnes.si\/index.php?rest_route=\/wp\/v2\/users\/56163"}],"replies":[{"embeddable":true,"href":"https:\/\/sola-poljane.splet.arnes.si\/index.php?rest_route=%2Fwp%2Fv2%2Fcomments&post=30540"}],"version-history":[{"count":3,"href":"https:\/\/sola-poljane.splet.arnes.si\/index.php?rest_route=\/wp\/v2\/posts\/30540\/revisions"}],"predecessor-version":[{"id":30557,"href":"https:\/\/sola-poljane.splet.arnes.si\/index.php?rest_route=\/wp\/v2\/posts\/30540\/revisions\/30557"}],"wp:featuredmedia":[{"embeddable":true,"href":"https:\/\/sola-poljane.splet.arnes.si\/index.php?rest_route=\/wp\/v2\/media\/30556"}],"wp:attachment":[{"href":"https:\/\/sola-poljane.splet.arnes.si\/index.php?rest_route=%2Fwp%2Fv2%2Fmedia&parent=30540"}],"wp:term":[{"taxonomy":"category","embeddable":true,"href":"https:\/\/sola-poljane.splet.arnes.si\/index.php?rest_route=%2Fwp%2Fv2%2Fcategories&post=30540"},{"taxonomy":"post_tag","embeddable":true,"href":"https:\/\/sola-poljane.splet.arnes.si\/index.php?rest_route=%2Fwp%2Fv2%2Ftags&post=30540"}],"curies":[{"name":"wp","href":"https:\/\/api.w.org\/{rel}","templated":true}]}}