{"id":30373,"date":"2023-03-19T20:54:52","date_gmt":"2023-03-19T19:54:52","guid":{"rendered":"https:\/\/sola-poljane.splet.arnes.si\/?p=30373"},"modified":"2023-03-19T21:41:47","modified_gmt":"2023-03-19T20:41:47","slug":"30373","status":"publish","type":"post","link":"https:\/\/sola-poljane.splet.arnes.si\/?p=30373","title":{"rendered":"Planinci u\u017eivali v krasnih razgledih z Javor\u010da"},"content":{"rendered":"<p><strong>CILJ: JAVOR\u010c<\/strong> (901 meter)<br \/>\n<strong>DATUM:<\/strong> 18. marec 2023<br \/>\n<strong>IZHODI\u0160\u010cE in SESTOP:<\/strong> Gorenja vas<\/p>\n<p style=\"text-align: justify\"><strong>OPIS POTI:<\/strong> Z avtobusom smo se peljali do Gorenje vasi, od tam pa pot nadaljevali pe\u0161 proti Dobrav\u0161cam. Pri zadnji hi\u0161i na Dobrav\u0161cah je cesta najprej pre\u0161la v kolovoz, kasneje pa v strmo stezo, ki je kar ni hotelo biti konca. Ko smo malo pod vrhom pri\u0161li iz gozda na travnik, smo bili za ves trud nagrajeni s prekrasnimi razgledi na Triglav, Kamni\u0161ko-Savinjske Alpe, Blego\u0161, Porezen, Pasjo ravan, Bukov vrh in druge okoli\u0161ke hribe. Le \u0161e nekaj korakov je bilo potrebnih do vrha, kjer smo pomalicali in si odpo\u010dili. Nekateri smo si privo\u0161\u010dili tudi odli\u010dne dobrote, ki jih pripravljajo v ko\u010di. Sestop v Gorenjo vas je potekal po drugi poti, \u010dez Jermanco.<\/p>\n<p>Za nami je \u0161e en \u010dudovit pohod in \u017ee se veselimo naslednjega.&nbsp;<\/p>\n<p><em><strong>Alenka Jelov\u010dan<\/strong><\/em><\/p>\n<p>&nbsp;<\/p>\nngg_shortcode_0_placeholder\n","protected":false},"excerpt":{"rendered":"<p>CILJ: JAVOR\u010c (901 meter) DATUM: 18. marec 2023 IZHODI\u0160\u010cE in [&hellip;]<\/p>\n","protected":false},"author":56163,"featured_media":30432,"comment_status":"closed","ping_status":"open","sticky":false,"template":"","format":"standard","meta":{"ngg_post_thumbnail":0,"footnotes":""},"categories":[55,17],"tags":[],"class_list":["post-30373","post","type-post","status-publish","format-standard","has-post-thumbnail","hentry","category-dogajanje","category-planinski-krozek"],"_links":{"self":[{"href":"https:\/\/sola-poljane.splet.arnes.si\/index.php?rest_route=\/wp\/v2\/posts\/30373","targetHints":{"allow":["GET"]}}],"collection":[{"href":"https:\/\/sola-poljane.splet.arnes.si\/index.php?rest_route=\/wp\/v2\/posts"}],"about":[{"href":"https:\/\/sola-poljane.splet.arnes.si\/index.php?rest_route=\/wp\/v2\/types\/post"}],"author":[{"embeddable":true,"href":"https:\/\/sola-poljane.splet.arnes.si\/index.php?rest_route=\/wp\/v2\/users\/56163"}],"replies":[{"embeddable":true,"href":"https:\/\/sola-poljane.splet.arnes.si\/index.php?rest_route=%2Fwp%2Fv2%2Fcomments&post=30373"}],"version-history":[{"count":4,"href":"https:\/\/sola-poljane.splet.arnes.si\/index.php?rest_route=\/wp\/v2\/posts\/30373\/revisions"}],"predecessor-version":[{"id":30433,"href":"https:\/\/sola-poljane.splet.arnes.si\/index.php?rest_route=\/wp\/v2\/posts\/30373\/revisions\/30433"}],"wp:featuredmedia":[{"embeddable":true,"href":"https:\/\/sola-poljane.splet.arnes.si\/index.php?rest_route=\/wp\/v2\/media\/30432"}],"wp:attachment":[{"href":"https:\/\/sola-poljane.splet.arnes.si\/index.php?rest_route=%2Fwp%2Fv2%2Fmedia&parent=30373"}],"wp:term":[{"taxonomy":"category","embeddable":true,"href":"https:\/\/sola-poljane.splet.arnes.si\/index.php?rest_route=%2Fwp%2Fv2%2Fcategories&post=30373"},{"taxonomy":"post_tag","embeddable":true,"href":"https:\/\/sola-poljane.splet.arnes.si\/index.php?rest_route=%2Fwp%2Fv2%2Ftags&post=30373"}],"curies":[{"name":"wp","href":"https:\/\/api.w.org\/{rel}","templated":true}]}}