{"id":29930,"date":"2023-03-09T19:35:21","date_gmt":"2023-03-09T18:35:21","guid":{"rendered":"https:\/\/sola-poljane.splet.arnes.si\/?p=29930"},"modified":"2023-03-09T19:35:21","modified_gmt":"2023-03-09T18:35:21","slug":"po-poti-kulturne-dediscine","status":"publish","type":"post","link":"https:\/\/sola-poljane.splet.arnes.si\/?p=29930","title":{"rendered":"Po poti kulturne dedi\u0161\u010dine"},"content":{"rendered":"<p style=\"text-align: justify\">V ponedeljek, 6. marca , smo se u\u010denci devetih razredov potepali po lepih (a tokrat \u0161e zelo mrzlih) <span style=\"color: #0000ff\">krajih pod Karavankami<\/span>. Vasi so posejane neverjetno blizu ena druge in prav zanimivo si je bilo predstavljati na\u0161e literarne junake, kako so tam pre\u017eivljali otro\u0161tvo.<br \/>\n<strong><span style=\"color: #0000ff\">Vrba<\/span> <\/strong>je rojstna vas pesnika <span style=\"color: #0000ff\">dr. Franceta Pre\u0161erna<\/span>.&nbsp; Poleg njegove rojstne hi\u0161e smo si ogledali \u0161e <span style=\"color: #0000ff\">cerkev svetega Marka<\/span>, <span style=\"color: #0000ff\">lipo<\/span>, ki raste sredi vasi ter <span style=\"color: #0000ff\">Pre\u0161ernov spomenik,<\/span> ki so ga v Vrbo postavili ob dvestoletnici pesnikovega rojstva.<br \/>\n<span style=\"color: #0000ff\"><strong>Doslov\u010de<\/strong> <\/span>so rojstna vas pisatelja <span style=\"color: #0000ff\">Frana Sale\u0161kega Fin\u017egarja<\/span>. Njegova rojstna hi\u0161a je urejena tako, kot je bila v \u010dasu pisateljeve mladosti. Spoznali smo Fin\u017egarjevo \u017eivljenje in delo. Spregovoril pa nam je tudi pisatelj sam \u2013 preko posnetka na radiu. Pripovedoval je o svojem o\u010detu in o tem, kako ga je o\u010de vzgajal.<br \/>\n<span style=\"color: #0000ff\"><strong>Na Rodinah<\/strong><\/span> se je rodil pisatelj <span style=\"color: #0000ff\">Janez Jalen<\/span>, avtor dela Bobri. Jalnova rojstna hi\u0161a je zanimiva tudi zato, ker v njej \u0161e vedno \u017eivijo pisateljevi sorodniki, ki hranijo vso Jalnovo zapu\u0161\u010dino (rokopise, dokumente, osebne predmete). O pisateljevem delu in \u017eivljenju nam je duhovito pripovedoval njegov prane\u010dak.<br \/>\n<span style=\"color: #0000ff\"><strong>V \u017dirovnici<\/strong> <\/span>stoji spominska hi\u0161a Pre\u0161ernovega prijatelja, jezikoslovca in literarnega kritika ter bibliotekarja <span style=\"color: #0000ff\">Matije \u010copa<\/span>. Izvedeli smo nekaj o njegovem \u017eivljenju in delu ter si ogledali film o Poti kulturne dedi\u0161\u010dine.&nbsp;&nbsp;<\/p>\n<p style=\"text-align: justify\">Pre\u017eiveli smo zanimiv in pou\u010den dan izven \u0161olskih klopi.<\/p>\n<p>&nbsp;<\/p>\n<p><a href=\"https:\/\/sola-poljane.splet.arnes.si\/files\/2023\/03\/Z2.jpg\"><img loading=\"lazy\" decoding=\"async\" class=\"wp-image-29951 aligncenter\" src=\"https:\/\/sola-poljane.splet.arnes.si\/files\/2023\/03\/Z2.jpg\" alt=\"\" width=\"642\" height=\"472\" srcset=\"https:\/\/sola-poljane.splet.arnes.si\/files\/2023\/03\/Z2.jpg 800w, https:\/\/sola-poljane.splet.arnes.si\/files\/2023\/03\/Z2-300x221.jpg 300w, https:\/\/sola-poljane.splet.arnes.si\/files\/2023\/03\/Z2-768x564.jpg 768w, https:\/\/sola-poljane.splet.arnes.si\/files\/2023\/03\/Z2-75x55.jpg 75w, https:\/\/sola-poljane.splet.arnes.si\/files\/2023\/03\/Z2-624x459.jpg 624w\" sizes=\"auto, (max-width: 642px) 100vw, 642px\" \/><\/a><\/p>\n<p><a href=\"https:\/\/sola-poljane.splet.arnes.si\/files\/2023\/03\/Z3.jpg\"><img loading=\"lazy\" decoding=\"async\" class=\"wp-image-29948 aligncenter\" src=\"https:\/\/sola-poljane.splet.arnes.si\/files\/2023\/03\/Z3.jpg\" alt=\"\" width=\"644\" height=\"436\" srcset=\"https:\/\/sola-poljane.splet.arnes.si\/files\/2023\/03\/Z3.jpg 800w, https:\/\/sola-poljane.splet.arnes.si\/files\/2023\/03\/Z3-300x203.jpg 300w, https:\/\/sola-poljane.splet.arnes.si\/files\/2023\/03\/Z3-768x519.jpg 768w, https:\/\/sola-poljane.splet.arnes.si\/files\/2023\/03\/Z3-81x55.jpg 81w, https:\/\/sola-poljane.splet.arnes.si\/files\/2023\/03\/Z3-624x422.jpg 624w, https:\/\/sola-poljane.splet.arnes.si\/files\/2023\/03\/Z3-84x56.jpg 84w\" sizes=\"auto, (max-width: 644px) 100vw, 644px\" \/><\/a><\/p>\n<p>&nbsp;<\/p>\nngg_shortcode_0_placeholder\n","protected":false},"excerpt":{"rendered":"<p>V ponedeljek, 6. marca , smo se u\u010denci devetih razredov [&hellip;]<\/p>\n","protected":false},"author":56163,"featured_media":29953,"comment_status":"closed","ping_status":"open","sticky":false,"template":"","format":"standard","meta":{"ngg_post_thumbnail":0,"footnotes":""},"categories":[15,55],"tags":[],"class_list":["post-29930","post","type-post","status-publish","format-standard","has-post-thumbnail","hentry","category-dnevi-dejavnosti-2-triada","category-dogajanje"],"_links":{"self":[{"href":"https:\/\/sola-poljane.splet.arnes.si\/index.php?rest_route=\/wp\/v2\/posts\/29930","targetHints":{"allow":["GET"]}}],"collection":[{"href":"https:\/\/sola-poljane.splet.arnes.si\/index.php?rest_route=\/wp\/v2\/posts"}],"about":[{"href":"https:\/\/sola-poljane.splet.arnes.si\/index.php?rest_route=\/wp\/v2\/types\/post"}],"author":[{"embeddable":true,"href":"https:\/\/sola-poljane.splet.arnes.si\/index.php?rest_route=\/wp\/v2\/users\/56163"}],"replies":[{"embeddable":true,"href":"https:\/\/sola-poljane.splet.arnes.si\/index.php?rest_route=%2Fwp%2Fv2%2Fcomments&post=29930"}],"version-history":[{"count":5,"href":"https:\/\/sola-poljane.splet.arnes.si\/index.php?rest_route=\/wp\/v2\/posts\/29930\/revisions"}],"predecessor-version":[{"id":29952,"href":"https:\/\/sola-poljane.splet.arnes.si\/index.php?rest_route=\/wp\/v2\/posts\/29930\/revisions\/29952"}],"wp:featuredmedia":[{"embeddable":true,"href":"https:\/\/sola-poljane.splet.arnes.si\/index.php?rest_route=\/wp\/v2\/media\/29953"}],"wp:attachment":[{"href":"https:\/\/sola-poljane.splet.arnes.si\/index.php?rest_route=%2Fwp%2Fv2%2Fmedia&parent=29930"}],"wp:term":[{"taxonomy":"category","embeddable":true,"href":"https:\/\/sola-poljane.splet.arnes.si\/index.php?rest_route=%2Fwp%2Fv2%2Fcategories&post=29930"},{"taxonomy":"post_tag","embeddable":true,"href":"https:\/\/sola-poljane.splet.arnes.si\/index.php?rest_route=%2Fwp%2Fv2%2Ftags&post=29930"}],"curies":[{"name":"wp","href":"https:\/\/api.w.org\/{rel}","templated":true}]}}