{"id":29837,"date":"2023-03-07T22:06:56","date_gmt":"2023-03-07T21:06:56","guid":{"rendered":"https:\/\/sola-poljane.splet.arnes.si\/?p=29837"},"modified":"2023-03-09T19:43:42","modified_gmt":"2023-03-09T18:43:42","slug":"dan-v-zivalskem-vrtu","status":"publish","type":"post","link":"https:\/\/sola-poljane.splet.arnes.si\/?p=29837","title":{"rendered":"Dan v \u017eivalskem vrtu"},"content":{"rendered":"<p style=\"text-align: justify\">V torek, 28. februarja, smo se <span style=\"color: #ff6600\"><strong>u\u010denci sedmih razredov<\/strong><\/span> odpravili v <span style=\"color: #ff6600\"><strong>\u017divalski vrt Ljubljana<\/strong><\/span>. Tega dne smo se vsi zelo veselili.<br \/>\nTakoj po vstopu v \u017eivalski vrt smo spoznali na\u0161o vodi\u010dko Ne\u017eo. Povedala nam je, da bomo dopoldne pre\u017eiveli skupaj. V tem \u010dasu bomo spoznali \u017eivali in jih imeli v rokah ter jih bo\u017eali.<\/p>\n<p style=\"text-align: justify\">\u017divi stik smo imeli <strong><span style=\"color: #3366ff\">s ka\u010do<\/span><\/strong> in <span style=\"color: #3366ff\"><strong>pajkom<\/strong><\/span>.<\/p>\n<p style=\"text-align: justify\">Najini mnenji:<br \/>\n<em>Meni osebno ni bila v\u0161e\u010d ka\u010da. <strong>(Liza)<\/strong><\/em><br \/>\n<em>Meni so bile najbolj v\u0161e\u010d opice. <strong>(Mija)<\/strong><\/em><\/p>\n<p style=\"text-align: justify\"><strong>\u017divali, ki sva si jih najbolj zapomnili:<\/strong><\/p>\n<ul style=\"text-align: justify\">\n<li>SURIKATE, zaradi njihove postave,<\/li>\n<li>KAPIBARI, ker sta imeli veliko prostora,<\/li>\n<li>MORSKI LEVI, ker smo videli njihov trening,<\/li>\n<li>OPICE, ker so tako lepo skakale,<\/li>\n<li>OVCE, ker so bile videti kot \u017eive jaslice,<\/li>\n<li>\u017dIRAFE, ker sva si zapomnili, da lahko zrastejo do pet metrov in pol.<\/li>\n<\/ul>\n<p style=\"text-align: justify\">PTICE pa so bile zaprte zaradi pti\u010dje bolezni.<\/p>\n<p><em><strong>Mija in Liza, 7. b<\/strong><\/em><\/p>\n<p>&nbsp;<\/p>\n<p style=\"text-align: justify\">To, da smo \u0161li v ZOO Ljubljana, je bila odli\u010dna prilo\u017enost, da se tudi \u010desa nau\u010dimo. Imeli smo voden ogled. Na za\u010detku smo&nbsp; poslu\u0161ali kratko razlago in ob koncu razlage smo imeli veliko \u010dasa, da smo dobili odgovore na na\u0161a vpra\u0161anja o \u017eivalih. Pogovarjali smo se o okostjih \u017eivali, \u017eivalskem perju, stopinjah, \u017eivalskih sklepih &#8230; Vodi\u010da smo lahko vpra\u0161ali, kar smo \u017eeleli. Po tej razlagi smo si ogledali <span style=\"color: #0000ff\"><strong>hranjenje morskih levov<\/strong><\/span>. Medtem ko smo si ogledovali morske leve, nam je vodi\u010d razlo\u017eil, kar nas je zanimalo o njih. Meni so bili najbolj v\u0161e\u010d \u0161impanzi, slon, ka\u010da in pajek. Proti koncu&nbsp; ogleda \u017eivali smo se odpravili v u\u010dilnico, kjer smo se posedli na stole in imeli \u0161e stik z \u017eivaljo. Najprej smo spoznali prijazno, udoma\u010deno <strong><span style=\"color: #0000ff\">ka\u010do<\/span><\/strong>. Najprej je bila le na tleh, potem smo jo lahko \u0161e pobo\u017eali ali dr\u017eali. V roke smo dobili tudi <span style=\"color: #0000ff\"><strong>pti\u010djega pajka<\/strong><\/span>. Tudi tega si lahko pobo\u017eal ali dr\u017eal v roki.<\/p>\n<p style=\"text-align: justify\">Meni se je zdelo zelo zabavno in pou\u010dno. Veliko smo se tudi nasmejali.<\/p>\n<p><em><strong>Ajda Stanonik, 7. a<\/strong><\/em><\/p>\n<p>&nbsp;<\/p>\n<p>&nbsp;<\/p>\nngg_shortcode_0_placeholder\n","protected":false},"excerpt":{"rendered":"<p>V torek, 28. februarja, smo se u\u010denci sedmih razredov odpravili [&hellip;]<\/p>\n","protected":false},"author":56163,"featured_media":29890,"comment_status":"closed","ping_status":"open","sticky":false,"template":"","format":"standard","meta":{"ngg_post_thumbnail":0,"footnotes":""},"categories":[15,55],"tags":[],"class_list":["post-29837","post","type-post","status-publish","format-standard","has-post-thumbnail","hentry","category-dnevi-dejavnosti-2-triada","category-dogajanje"],"_links":{"self":[{"href":"https:\/\/sola-poljane.splet.arnes.si\/index.php?rest_route=\/wp\/v2\/posts\/29837","targetHints":{"allow":["GET"]}}],"collection":[{"href":"https:\/\/sola-poljane.splet.arnes.si\/index.php?rest_route=\/wp\/v2\/posts"}],"about":[{"href":"https:\/\/sola-poljane.splet.arnes.si\/index.php?rest_route=\/wp\/v2\/types\/post"}],"author":[{"embeddable":true,"href":"https:\/\/sola-poljane.splet.arnes.si\/index.php?rest_route=\/wp\/v2\/users\/56163"}],"replies":[{"embeddable":true,"href":"https:\/\/sola-poljane.splet.arnes.si\/index.php?rest_route=%2Fwp%2Fv2%2Fcomments&post=29837"}],"version-history":[{"count":4,"href":"https:\/\/sola-poljane.splet.arnes.si\/index.php?rest_route=\/wp\/v2\/posts\/29837\/revisions"}],"predecessor-version":[{"id":29955,"href":"https:\/\/sola-poljane.splet.arnes.si\/index.php?rest_route=\/wp\/v2\/posts\/29837\/revisions\/29955"}],"wp:featuredmedia":[{"embeddable":true,"href":"https:\/\/sola-poljane.splet.arnes.si\/index.php?rest_route=\/wp\/v2\/media\/29890"}],"wp:attachment":[{"href":"https:\/\/sola-poljane.splet.arnes.si\/index.php?rest_route=%2Fwp%2Fv2%2Fmedia&parent=29837"}],"wp:term":[{"taxonomy":"category","embeddable":true,"href":"https:\/\/sola-poljane.splet.arnes.si\/index.php?rest_route=%2Fwp%2Fv2%2Fcategories&post=29837"},{"taxonomy":"post_tag","embeddable":true,"href":"https:\/\/sola-poljane.splet.arnes.si\/index.php?rest_route=%2Fwp%2Fv2%2Ftags&post=29837"}],"curies":[{"name":"wp","href":"https:\/\/api.w.org\/{rel}","templated":true}]}}