{"id":29813,"date":"2023-03-03T19:46:45","date_gmt":"2023-03-03T18:46:45","guid":{"rendered":"https:\/\/sola-poljane.splet.arnes.si\/?p=29813"},"modified":"2023-03-03T19:46:45","modified_gmt":"2023-03-03T18:46:45","slug":"kosarkarice-zmagale-v-polfinalu-c","status":"publish","type":"post","link":"https:\/\/sola-poljane.splet.arnes.si\/?p=29813","title":{"rendered":"Ko\u0161arkarice zmagale v polfinalu C!"},"content":{"rendered":"<p style=\"text-align: justify\">V \u010detrtek, 2. marca 2023, smo se v Cerknici udele\u017eili <span style=\"color: #ff6600\"><strong>polfinalnega turnirja v ko\u0161arki<\/strong><\/span>. Sre\u010dali smo se z ekipami, ki so zmagale v drugih \u010detrtfinalnih skupinah ter tako pri\u010dakovali zahtevnej\u0161e nasprotnice, kar se je izkazalo za resni\u010dno.<br \/>\nPrvo tekmo smo odigrali z <span style=\"color: #ff6600\">O\u0160 Matija \u010copa<\/span>, s katerimi smo se sre\u010dali \u017ee v Kranju na podro\u010dnem prvenstvu. Tekmo smo za\u010deli bolj izena\u010deno kot prvi\u010d, ampak razlika je nara\u0161\u010dala in tako smo tekmo mirno pripeljali do konca. <span style=\"color: #ff6600\">O\u0160 NO Cerknica<\/span> pa je bila kompaktnej\u0161a ekipa, vsa dekleta tudi trenirajo v ko\u0161arkarskem klubu. Po zaostanku v prvi tretjini smo v drugi prevzeli vodstvo in ga do konca nadgrajevali. Mirnej\u0161a je bila le zadnja minuta, ko se je videlo, da razlika ni ve\u010d ulovljiva.<\/p>\n<p style=\"text-align: justify\">\u010cestitamo vsem udele\u017eenkam, ki so vsaka po svoji najbolj\u0161i mo\u010di pomagale ekipi in se borile kot levinje.<\/p>\n<p><em><strong>Uro\u0161 \u010cade\u017e<\/strong><\/em><\/p>\n<p>&nbsp;<\/p>\n<p><a href=\"https:\/\/sola-poljane.splet.arnes.si\/files\/2023\/03\/Kosarka_deklice_polfinale_202301.jpg\"><img loading=\"lazy\" decoding=\"async\" class=\"wp-image-29816 aligncenter\" src=\"https:\/\/sola-poljane.splet.arnes.si\/files\/2023\/03\/Kosarka_deklice_polfinale_202301.jpg\" alt=\"\" width=\"484\" height=\"363\" srcset=\"https:\/\/sola-poljane.splet.arnes.si\/files\/2023\/03\/Kosarka_deklice_polfinale_202301.jpg 800w, https:\/\/sola-poljane.splet.arnes.si\/files\/2023\/03\/Kosarka_deklice_polfinale_202301-300x225.jpg 300w, https:\/\/sola-poljane.splet.arnes.si\/files\/2023\/03\/Kosarka_deklice_polfinale_202301-768x576.jpg 768w, https:\/\/sola-poljane.splet.arnes.si\/files\/2023\/03\/Kosarka_deklice_polfinale_202301-73x55.jpg 73w, https:\/\/sola-poljane.splet.arnes.si\/files\/2023\/03\/Kosarka_deklice_polfinale_202301-624x468.jpg 624w\" sizes=\"auto, (max-width: 484px) 100vw, 484px\" \/><\/a><\/p>\n<p>&nbsp;<\/p>\n<p><a href=\"https:\/\/sola-poljane.splet.arnes.si\/files\/2023\/03\/Kosarka_deklice_polfinale_202303.jpg\"><img loading=\"lazy\" decoding=\"async\" class=\"wp-image-29817 aligncenter\" src=\"https:\/\/sola-poljane.splet.arnes.si\/files\/2023\/03\/Kosarka_deklice_polfinale_202303.jpg\" alt=\"\" width=\"483\" height=\"362\" srcset=\"https:\/\/sola-poljane.splet.arnes.si\/files\/2023\/03\/Kosarka_deklice_polfinale_202303.jpg 800w, https:\/\/sola-poljane.splet.arnes.si\/files\/2023\/03\/Kosarka_deklice_polfinale_202303-300x225.jpg 300w, https:\/\/sola-poljane.splet.arnes.si\/files\/2023\/03\/Kosarka_deklice_polfinale_202303-768x576.jpg 768w, https:\/\/sola-poljane.splet.arnes.si\/files\/2023\/03\/Kosarka_deklice_polfinale_202303-73x55.jpg 73w, https:\/\/sola-poljane.splet.arnes.si\/files\/2023\/03\/Kosarka_deklice_polfinale_202303-624x468.jpg 624w\" sizes=\"auto, (max-width: 483px) 100vw, 483px\" \/><\/a><\/p>\n<p>&nbsp;<\/p>\n<p><a href=\"https:\/\/sola-poljane.splet.arnes.si\/files\/2023\/03\/Kosarka_deklice_polfinale_202302.jpg\"><img loading=\"lazy\" decoding=\"async\" class=\"size-full wp-image-29818 aligncenter\" src=\"https:\/\/sola-poljane.splet.arnes.si\/files\/2023\/03\/Kosarka_deklice_polfinale_202302.jpg\" alt=\"\" width=\"450\" height=\"600\" srcset=\"https:\/\/sola-poljane.splet.arnes.si\/files\/2023\/03\/Kosarka_deklice_polfinale_202302.jpg 450w, https:\/\/sola-poljane.splet.arnes.si\/files\/2023\/03\/Kosarka_deklice_polfinale_202302-225x300.jpg 225w, https:\/\/sola-poljane.splet.arnes.si\/files\/2023\/03\/Kosarka_deklice_polfinale_202302-41x55.jpg 41w\" sizes=\"auto, (max-width: 450px) 100vw, 450px\" \/><\/a><\/p>\n","protected":false},"excerpt":{"rendered":"<p>V \u010detrtek, 2. marca 2023, smo se v Cerknici udele\u017eili [&hellip;]<\/p>\n","protected":false},"author":56163,"featured_media":29820,"comment_status":"closed","ping_status":"open","sticky":false,"template":"","format":"standard","meta":{"ngg_post_thumbnail":0,"footnotes":""},"categories":[55,59],"tags":[],"class_list":["post-29813","post","type-post","status-publish","format-standard","has-post-thumbnail","hentry","category-dogajanje","category-sportna-tekmovanja"],"_links":{"self":[{"href":"https:\/\/sola-poljane.splet.arnes.si\/index.php?rest_route=\/wp\/v2\/posts\/29813","targetHints":{"allow":["GET"]}}],"collection":[{"href":"https:\/\/sola-poljane.splet.arnes.si\/index.php?rest_route=\/wp\/v2\/posts"}],"about":[{"href":"https:\/\/sola-poljane.splet.arnes.si\/index.php?rest_route=\/wp\/v2\/types\/post"}],"author":[{"embeddable":true,"href":"https:\/\/sola-poljane.splet.arnes.si\/index.php?rest_route=\/wp\/v2\/users\/56163"}],"replies":[{"embeddable":true,"href":"https:\/\/sola-poljane.splet.arnes.si\/index.php?rest_route=%2Fwp%2Fv2%2Fcomments&post=29813"}],"version-history":[{"count":4,"href":"https:\/\/sola-poljane.splet.arnes.si\/index.php?rest_route=\/wp\/v2\/posts\/29813\/revisions"}],"predecessor-version":[{"id":29821,"href":"https:\/\/sola-poljane.splet.arnes.si\/index.php?rest_route=\/wp\/v2\/posts\/29813\/revisions\/29821"}],"wp:featuredmedia":[{"embeddable":true,"href":"https:\/\/sola-poljane.splet.arnes.si\/index.php?rest_route=\/wp\/v2\/media\/29820"}],"wp:attachment":[{"href":"https:\/\/sola-poljane.splet.arnes.si\/index.php?rest_route=%2Fwp%2Fv2%2Fmedia&parent=29813"}],"wp:term":[{"taxonomy":"category","embeddable":true,"href":"https:\/\/sola-poljane.splet.arnes.si\/index.php?rest_route=%2Fwp%2Fv2%2Fcategories&post=29813"},{"taxonomy":"post_tag","embeddable":true,"href":"https:\/\/sola-poljane.splet.arnes.si\/index.php?rest_route=%2Fwp%2Fv2%2Ftags&post=29813"}],"curies":[{"name":"wp","href":"https:\/\/api.w.org\/{rel}","templated":true}]}}