{"id":29760,"date":"2023-02-28T18:36:13","date_gmt":"2023-02-28T17:36:13","guid":{"rendered":"https:\/\/sola-poljane.splet.arnes.si\/?p=29760"},"modified":"2023-02-28T22:01:08","modified_gmt":"2023-02-28T21:01:08","slug":"aljaz-blestel-v-badmintonu","status":"publish","type":"post","link":"https:\/\/sola-poljane.splet.arnes.si\/?p=29760","title":{"rendered":"Alja\u017e blestel v badmintonu!"},"content":{"rendered":"<p style=\"text-align: justify\"><span style=\"color: #0000ff\"><strong>Alja\u017e Ko\u0161ir<\/strong> <\/span>iz 9. b se je udele\u017eil <span style=\"color: #0000ff\">tekmovanja v badmintonu<\/span> in tam odli\u010dno nastopal.<br \/>\nNa <span style=\"color: #0000ff\">medob\u010dinskem prvenstvu<\/span>, 7. januarja 2023, je dosegel <span style=\"color: #0000ff\"><strong>2. mesto<\/strong><\/span>, na <span style=\"color: #0000ff\">podro\u010dnem prvenstvu<\/span>, 23. februarja 2023, pa <span style=\"color: #0000ff\">4. mesto<\/span>.<br \/>\nNa sliki ob razglasitvi prvega in drugega mesta na medob\u010dinskem tekmovanju je skupaj z <span style=\"color: #0000ff\">O\u017ebejem Drmoto<\/span> iz O\u0160 Ivana Tav\u010darja Gorenja vas, s katerim sta se obakrat sre\u010dala tudi na igri\u0161\u010du.<\/p>\n<p style=\"text-align: justify\">Rezultati v priponki.<\/p>\n<p style=\"text-align: justify\"><strong><span style=\"color: #ff6600\">Bravo Alja\u017e!<\/span><\/strong><\/p>\n<p>&nbsp;<\/p>\n<p><a href=\"https:\/\/sola-poljane.splet.arnes.si\/files\/2023\/02\/Badminton-medobcinsko_REZULTATI.xls\">Badminton-medob\u010dinsko_REZULTATI<\/a><\/p>\n<p><a href=\"https:\/\/sola-poljane.splet.arnes.si\/files\/2023\/02\/Badminton-podrocno_REZULTATI.docx\">Badminton-podro\u010dno_REZULTATI<\/a><\/p>\n<p>&nbsp;<\/p>\n<p style=\"text-align: center\"><a href=\"https:\/\/sola-poljane.splet.arnes.si\/files\/2023\/02\/1677480292212.jpg\"><img loading=\"lazy\" decoding=\"async\" class=\"alignnone wp-image-29766\" src=\"https:\/\/sola-poljane.splet.arnes.si\/files\/2023\/02\/1677480292212.jpg\" alt=\"\" width=\"547\" height=\"971\" srcset=\"https:\/\/sola-poljane.splet.arnes.si\/files\/2023\/02\/1677480292212.jpg 437w, https:\/\/sola-poljane.splet.arnes.si\/files\/2023\/02\/1677480292212-169x300.jpg 169w, https:\/\/sola-poljane.splet.arnes.si\/files\/2023\/02\/1677480292212-31x55.jpg 31w\" sizes=\"auto, (max-width: 547px) 100vw, 547px\" \/><\/a><\/p>\n<p>&nbsp;<\/p>\n","protected":false},"excerpt":{"rendered":"<p>Alja\u017e Ko\u0161ir iz 9. b se je udele\u017eil tekmovanja v [&hellip;]<\/p>\n","protected":false},"author":56163,"featured_media":29801,"comment_status":"closed","ping_status":"open","sticky":false,"template":"","format":"standard","meta":{"ngg_post_thumbnail":0,"footnotes":""},"categories":[55,59],"tags":[],"class_list":["post-29760","post","type-post","status-publish","format-standard","has-post-thumbnail","hentry","category-dogajanje","category-sportna-tekmovanja"],"_links":{"self":[{"href":"https:\/\/sola-poljane.splet.arnes.si\/index.php?rest_route=\/wp\/v2\/posts\/29760","targetHints":{"allow":["GET"]}}],"collection":[{"href":"https:\/\/sola-poljane.splet.arnes.si\/index.php?rest_route=\/wp\/v2\/posts"}],"about":[{"href":"https:\/\/sola-poljane.splet.arnes.si\/index.php?rest_route=\/wp\/v2\/types\/post"}],"author":[{"embeddable":true,"href":"https:\/\/sola-poljane.splet.arnes.si\/index.php?rest_route=\/wp\/v2\/users\/56163"}],"replies":[{"embeddable":true,"href":"https:\/\/sola-poljane.splet.arnes.si\/index.php?rest_route=%2Fwp%2Fv2%2Fcomments&post=29760"}],"version-history":[{"count":2,"href":"https:\/\/sola-poljane.splet.arnes.si\/index.php?rest_route=\/wp\/v2\/posts\/29760\/revisions"}],"predecessor-version":[{"id":29768,"href":"https:\/\/sola-poljane.splet.arnes.si\/index.php?rest_route=\/wp\/v2\/posts\/29760\/revisions\/29768"}],"wp:featuredmedia":[{"embeddable":true,"href":"https:\/\/sola-poljane.splet.arnes.si\/index.php?rest_route=\/wp\/v2\/media\/29801"}],"wp:attachment":[{"href":"https:\/\/sola-poljane.splet.arnes.si\/index.php?rest_route=%2Fwp%2Fv2%2Fmedia&parent=29760"}],"wp:term":[{"taxonomy":"category","embeddable":true,"href":"https:\/\/sola-poljane.splet.arnes.si\/index.php?rest_route=%2Fwp%2Fv2%2Fcategories&post=29760"},{"taxonomy":"post_tag","embeddable":true,"href":"https:\/\/sola-poljane.splet.arnes.si\/index.php?rest_route=%2Fwp%2Fv2%2Ftags&post=29760"}],"curies":[{"name":"wp","href":"https:\/\/api.w.org\/{rel}","templated":true}]}}