{"id":29358,"date":"2023-01-31T19:51:18","date_gmt":"2023-01-31T18:51:18","guid":{"rendered":"https:\/\/sola-poljane.splet.arnes.si\/?p=29358"},"modified":"2023-01-31T19:51:18","modified_gmt":"2023-01-31T18:51:18","slug":"drugosolci-uzivali-na-snegu-3","status":"publish","type":"post","link":"https:\/\/sola-poljane.splet.arnes.si\/?p=29358","title":{"rendered":"Drugo\u0161olci u\u017eivali na snegu"},"content":{"rendered":"<p style=\"text-align: justify\">Danes smo \u0161li najprej na pohod. Potem smo \u0161li do cerkve in tam jedli malico. Potem smo se sankali. Nazaj smo \u0161li do cerkve in nazaj v \u0161olo. \u0160portni dan mi je bil zelo v\u0161e\u010d.<br \/>\n<em><strong>Jakob Mrak, 2. b<\/strong><\/em><\/p>\n<p style=\"text-align: justify\">Danes smo \u0161li na \u0161portni dan. Pe\u0161 smo \u0161li do cerkve in pojedli malico. Potem smo se postavili v kolono za sankati. In smo se \u0161li sankat. Potem smo se hitro sankali. Bilo mi je ful dober.<br \/>\n<em><strong>Nejc Krajnc, 2. b<\/strong><\/em><\/p>\n<p style=\"text-align: justify\">Najprej smo \u0161li na kratek sprehod. Potem smo od\u0161li k cerkvi. Potem smo malicali. Nato smo se \u0161li sankat. Najbolj mi je bilo v\u0161e\u010d sankanje z lopatkami.<br \/>\n<em><strong>Anej Zorman, 2. b<\/strong><\/em><\/p>\n<p style=\"text-align: justify\">Zjutraj, ko smo pri\u0161li v \u0161olo, smo se oblekli za igro na snegu. Ko smo se uredili, smo \u0161li ven in v koloni \u010dez Dobensko Ameriko. Ko smo pri\u0161li iz Dobenske Amerike, smo kmalu \u0161li k cerkvi in pomalicali. Nato smo se sankali z lopatkami. Najbolj v\u0161e\u010d mi je bilo, ker so lopatke \u0161ibale po bregu.<br \/>\n<em><strong>Ian Dolenec, 2. b<\/strong><\/em><\/p>\n<p style=\"text-align: justify\">V\u0161e\u010d mi je bilo sankanje in tekmovanje. Najprej smo \u0161li na pohod. Videla sem svojo mucko \u010cili. Potem smo jedli malico. Jaz sem se dri\u010dala po riti, pa tudi nazaj, ker me je zavrtelo. Na\u0161a proga je bila zelo hitra. &nbsp;&nbsp;&nbsp;&nbsp;&nbsp;&nbsp;<br \/>\n<em><strong>Vita Novak, 2. b<\/strong><\/em><\/p>\n<p style=\"text-align: justify\">V\u0161e\u010d mi je bilo, ko smo se sankali in tekmovali, kdo vr\u017ee dlje kepo. V\u0161e\u010d mi je bilo slikanje in da smo jedli malico.<br \/>\n<em><strong>Kri\u0161tof Stanonik, 2. b<\/strong><\/em><\/p>\n<p>&nbsp;<\/p>\nngg_shortcode_0_placeholder\n","protected":false},"excerpt":{"rendered":"<p>Danes smo \u0161li najprej na pohod. Potem smo \u0161li do [&hellip;]<\/p>\n","protected":false},"author":56163,"featured_media":29383,"comment_status":"closed","ping_status":"open","sticky":false,"template":"","format":"standard","meta":{"ngg_post_thumbnail":0,"footnotes":""},"categories":[7,55],"tags":[],"class_list":["post-29358","post","type-post","status-publish","format-standard","has-post-thumbnail","hentry","category-dnevi-dejavnosti","category-dogajanje"],"_links":{"self":[{"href":"https:\/\/sola-poljane.splet.arnes.si\/index.php?rest_route=\/wp\/v2\/posts\/29358","targetHints":{"allow":["GET"]}}],"collection":[{"href":"https:\/\/sola-poljane.splet.arnes.si\/index.php?rest_route=\/wp\/v2\/posts"}],"about":[{"href":"https:\/\/sola-poljane.splet.arnes.si\/index.php?rest_route=\/wp\/v2\/types\/post"}],"author":[{"embeddable":true,"href":"https:\/\/sola-poljane.splet.arnes.si\/index.php?rest_route=\/wp\/v2\/users\/56163"}],"replies":[{"embeddable":true,"href":"https:\/\/sola-poljane.splet.arnes.si\/index.php?rest_route=%2Fwp%2Fv2%2Fcomments&post=29358"}],"version-history":[{"count":2,"href":"https:\/\/sola-poljane.splet.arnes.si\/index.php?rest_route=\/wp\/v2\/posts\/29358\/revisions"}],"predecessor-version":[{"id":29384,"href":"https:\/\/sola-poljane.splet.arnes.si\/index.php?rest_route=\/wp\/v2\/posts\/29358\/revisions\/29384"}],"wp:featuredmedia":[{"embeddable":true,"href":"https:\/\/sola-poljane.splet.arnes.si\/index.php?rest_route=\/wp\/v2\/media\/29383"}],"wp:attachment":[{"href":"https:\/\/sola-poljane.splet.arnes.si\/index.php?rest_route=%2Fwp%2Fv2%2Fmedia&parent=29358"}],"wp:term":[{"taxonomy":"category","embeddable":true,"href":"https:\/\/sola-poljane.splet.arnes.si\/index.php?rest_route=%2Fwp%2Fv2%2Fcategories&post=29358"},{"taxonomy":"post_tag","embeddable":true,"href":"https:\/\/sola-poljane.splet.arnes.si\/index.php?rest_route=%2Fwp%2Fv2%2Ftags&post=29358"}],"curies":[{"name":"wp","href":"https:\/\/api.w.org\/{rel}","templated":true}]}}