{"id":29335,"date":"2023-01-31T19:20:33","date_gmt":"2023-01-31T18:20:33","guid":{"rendered":"https:\/\/sola-poljane.splet.arnes.si\/?p=29335"},"modified":"2023-01-31T19:21:03","modified_gmt":"2023-01-31T18:21:03","slug":"solski-planiski-maraton-2","status":"publish","type":"post","link":"https:\/\/sola-poljane.splet.arnes.si\/?p=29335","title":{"rendered":"\u0160olski Plani\u0161ki maraton"},"content":{"rendered":"<p>V soboto, 28. januarja 2023, smo se v okviru obveznih izbirnih predmetov udele\u017eili <span style=\"color: #0000ff\"><strong>dru\u017eabnega dogodka v Planici<\/strong><\/span>. Del u\u010dencev je opravil <span style=\"color: #0000ff\">pohod v Tamar<\/span>, drugi del pa je <span style=\"color: #0000ff\">tekel na smu\u010deh<\/span>.<\/p>\n<p>V okviru dogodka je bilo izpeljano tudi <span style=\"color: #ff6600\">dr\u017eavno prvenstvo v smu\u010darskih tekih <\/span>in <span style=\"color: #ff6600\"><strong>Taj Stanonik <\/strong>je med nekategoriziranimi u\u010denci osvojil <strong>odli\u010dno 2. mesto.<\/strong><\/span><\/p>\n<p>\u010cestitamo!<\/p>\n<p>Nekaj utrinkov pa v galeriji.<\/p>\n<p><em><strong>Uro\u0161 \u010cade\u017e<\/strong><\/em><\/p>\n<p>&nbsp;<\/p>\nngg_shortcode_0_placeholder\n","protected":false},"excerpt":{"rendered":"<p>V soboto, 28. januarja 2023, smo se v okviru obveznih [&hellip;]<\/p>\n","protected":false},"author":56163,"featured_media":29356,"comment_status":"closed","ping_status":"open","sticky":false,"template":"","format":"standard","meta":{"ngg_post_thumbnail":0,"footnotes":""},"categories":[55,59],"tags":[],"class_list":["post-29335","post","type-post","status-publish","format-standard","has-post-thumbnail","hentry","category-dogajanje","category-sportna-tekmovanja"],"_links":{"self":[{"href":"https:\/\/sola-poljane.splet.arnes.si\/index.php?rest_route=\/wp\/v2\/posts\/29335","targetHints":{"allow":["GET"]}}],"collection":[{"href":"https:\/\/sola-poljane.splet.arnes.si\/index.php?rest_route=\/wp\/v2\/posts"}],"about":[{"href":"https:\/\/sola-poljane.splet.arnes.si\/index.php?rest_route=\/wp\/v2\/types\/post"}],"author":[{"embeddable":true,"href":"https:\/\/sola-poljane.splet.arnes.si\/index.php?rest_route=\/wp\/v2\/users\/56163"}],"replies":[{"embeddable":true,"href":"https:\/\/sola-poljane.splet.arnes.si\/index.php?rest_route=%2Fwp%2Fv2%2Fcomments&post=29335"}],"version-history":[{"count":3,"href":"https:\/\/sola-poljane.splet.arnes.si\/index.php?rest_route=\/wp\/v2\/posts\/29335\/revisions"}],"predecessor-version":[{"id":29357,"href":"https:\/\/sola-poljane.splet.arnes.si\/index.php?rest_route=\/wp\/v2\/posts\/29335\/revisions\/29357"}],"wp:featuredmedia":[{"embeddable":true,"href":"https:\/\/sola-poljane.splet.arnes.si\/index.php?rest_route=\/wp\/v2\/media\/29356"}],"wp:attachment":[{"href":"https:\/\/sola-poljane.splet.arnes.si\/index.php?rest_route=%2Fwp%2Fv2%2Fmedia&parent=29335"}],"wp:term":[{"taxonomy":"category","embeddable":true,"href":"https:\/\/sola-poljane.splet.arnes.si\/index.php?rest_route=%2Fwp%2Fv2%2Fcategories&post=29335"},{"taxonomy":"post_tag","embeddable":true,"href":"https:\/\/sola-poljane.splet.arnes.si\/index.php?rest_route=%2Fwp%2Fv2%2Ftags&post=29335"}],"curies":[{"name":"wp","href":"https:\/\/api.w.org\/{rel}","templated":true}]}}