{"id":29249,"date":"2023-01-27T22:29:43","date_gmt":"2023-01-27T21:29:43","guid":{"rendered":"https:\/\/sola-poljane.splet.arnes.si\/?p=29249"},"modified":"2023-01-27T22:38:43","modified_gmt":"2023-01-27T21:38:43","slug":"karierni-dan-za-devetosolce-2","status":"publish","type":"post","link":"https:\/\/sola-poljane.splet.arnes.si\/?p=29249","title":{"rendered":"&#8220;Karierni dan&#8221; za deveto\u0161olce"},"content":{"rendered":"<h6 style=\"text-align: justify\"><em>V januarju in februarju so deveto\u0161olci pred pomembno in v\u010dasih te\u017eko odlo\u010ditvijo \u2013 kam naprej, katero srednjo \u0161olo naj izberem, bo dovolj to\u010dk za vpis, kaj bi rad po\u010del, kaj me veseli &#8230;<\/em><\/h6>\n<p style=\"text-align: justify\">V veliko pomo\u010d je mladim t. i. <span style=\"color: #ff6600\"><strong>karierni dan<\/strong><\/span>, ki ga na na\u0161i \u0161oli organiziramo \u017ee nekaj let. Izvedemo ga v okviru tehni\u0161kega dne za 9. razred, udele\u017eijo pa se ga lahko tudi drugi \u2013 u\u010denci 7. in 8. razreda, star\u0161i &#8230; Mladim se predstavijo izbrane srednje \u0161ole in lokalna podjetja ter jim tako mogo\u010de olaj\u0161ajo odlo\u010ditev za nadaljnje \u0161olanje.<\/p>\n<p style=\"text-align: justify\">Letos so se nam predstavila <span style=\"color: #3366ff\"><strong>TRI PODJETJA&nbsp;\u2013 <em>Polycom, LTH Casting <\/em><\/strong><span style=\"color: #000000\">in <\/span><em><strong>Marmor Hotavlje<\/strong><\/em><\/span>, kasneje pa \u0161e srednje \u0161ole.<\/p>\nngg_shortcode_0_placeholder\n<p><span style=\"color: #3366ff\"><strong>SREDNJE \u0160OLE<\/strong><\/span><\/p>\n<p style=\"text-align: justify\"><em><strong><span style=\"color: #3366ff\">Srednja zdravstvena \u0161ola Ljubljana, \u0160olski center \u0160kofja Loka; Srednja \u0161ola za strojni\u0161tvo, Gimnazija Franceta Pre\u0161erna, Kranj, Biotehni\u0161ki center Naklo, Srednja \u0161ola za oblikovanje in fotografijo Ljubljana, Srednja \u0161ola za farmacijo, kozmetiko in zdravstvo Ljubljana, BIC Ljubljana, Gimnazija in veterinarska \u0161ola, Gimnazija \u0160kofja Loka, Srednja vzgojiteljska \u0161ola in gimnazija Ljubljana, \u0160olski center Kranj, SESG\u0160.<\/span><\/strong><\/em><\/p>\n<p>&nbsp;<\/p>\n<p><span style=\"color: #0000ff\"><strong>Osmo\u0161olci so zadovoljni, da lahko \u017ee pred devetim razredom dobijo nekaj informacij o srednjih \u0161olah, ki jih zanimajo.<\/strong><\/span><\/p>\n<p style=\"text-align: justify\">Zelo dobro se mi zdi, da \u0161ola organizira karierni dan, saj sem izvedela veliko o razli\u010dnih \u0161olah, o to\u010dkah za vpis, urnikih itn.<br \/>\n<em><strong>Klara, 8. razred<br \/>\n<\/strong><\/em><\/p>\n<p style=\"text-align: justify\">Tak dan se mi zdi super, saj vem, da prilo\u017enosti za to u\u010denci 8. razredov nimajo na vseh \u0161olah. Tako pa smo tudi mi lahko izvedeli ve\u010d o \u0161olah, ki nas zanimajo. V 9. razredu se bom tako la\u017eje odlo\u010dila za srednjo \u0161olo. \u0160e ve\u010d pa bom verjetno izvedela na informativnih dnevih v februarju.<br \/>\n<em><strong>Bla\u017eka, 8. razred<\/strong><\/em><\/p>\n<p>&nbsp;<\/p>\n<p><span style=\"color: #0000ff\"><strong>Kaj pa pravijo deveto\u0161olci?<\/strong><\/span><\/p>\n<p style=\"text-align: justify\">Ta dan je bil zelo uporaben, izvedela sem veliko o srednjih \u0161olah, na informativni dan bom obiskala Srednjo vzgojiteljsko \u0161olo v Ljubljani.<br \/>\n<em><strong>Lucija<\/strong><\/em><\/p>\n<p style=\"text-align: justify\">Dobili smo veliko informacij o srednjih \u0161olah in mislim, da se bomo zdaj la\u017eje odlo\u010dili. Za informativni dan sem izbrala obisk Gimnazije \u0160kofja Loka.<br \/>\n<em><strong>Eli<\/strong><\/em><\/p>\n<p style=\"text-align: justify\">Za nas je tak dan koristen, saj izve\u0161 tudi stvari, za katere prej nisi vedel. Na informativni dan bom od\u0161la na Srednjo vzgojiteljsko \u0161olo Ljubljana in v BC Naklo.<br \/>\n<em><strong>Anja<\/strong><\/em><\/p>\n<p style=\"text-align: justify\">Izvedela sem veliko o \u0161olah, ki me zanimajo. V februarju si bom ogledala Srednjo zdravstveno \u0161olo Ljubljana, Gimnazijo \u0160kofja Loka, za eno \u0161olo pa se moram \u0161e odlo\u010diti.<br \/>\n<em><strong>Zoja<\/strong><\/em><\/p>\n<p style=\"text-align: justify\">V redu je bilo, zanimivo. Vesela sem novih informacij, saj sem zaradi njih za\u010dela razmi\u0161ljati tudi o drugih \u0161olah. Na informativnem dnevu si bom ogledala tri \u0161ole \u2013 Gimnazijo \u0160kofja Loka, Srednjo zdravstveno \u0161olo v Ljubljani, za tretjo pa bom \u0161e razmislila.<br \/>\n<em><strong>Lara<\/strong><\/em><\/p>\n<p style=\"text-align: justify\">Predstavljanje \u0161ol mi je bilo v\u0161e\u010d, saj smo dobili v pogled v to, kak\u0161na je \u0161ola in kak\u0161ni so u\u010ditelji. \u0160koda pa se mi zdi, ker sem bila lahko samo na treh predstavitvah, saj sta me zanimali \u0161e dve srednji \u0161oli. Verjetno bom na informativni dan od\u0161la v BIC Ljubljana, za ostale \u0161ole pa \u0161e ne vem.<br \/>\n<em><strong>Eva<\/strong><\/em><\/p>\n<p style=\"text-align: justify\">Organizacija kariernega dne se mi zdi zelo uporabna in pomembna, saj ti pomaga pri te\u017eki odlo\u010ditvi. Na informativnih dnevih si bom ogledala Gimnazijo \u0160kofja Loka, Gimnazijo Kranj ter Gimnazijo Be\u017eigrad ali Gimnazijo Poljane.<br \/>\n<em><strong>Tara<\/strong><\/em><\/p>\n<p style=\"text-align: justify\">Tak dan je zelo koristen za tiste, ki \u0161e niso odlo\u010deni, kam bi se vpisali. Sam sem se \u017ee odlo\u010dil za Biotehni\u0161ki center Naklo.<br \/>\n<em><strong>Taj<\/strong><\/em><\/p>\n<p>&nbsp;<\/p>\nngg_shortcode_1_placeholder\n","protected":false},"excerpt":{"rendered":"<p>V januarju in februarju so deveto\u0161olci pred pomembno in v\u010dasih [&hellip;]<\/p>\n","protected":false},"author":56163,"featured_media":29279,"comment_status":"closed","ping_status":"open","sticky":false,"template":"","format":"standard","meta":{"ngg_post_thumbnail":0,"footnotes":""},"categories":[15,55],"tags":[],"class_list":["post-29249","post","type-post","status-publish","format-standard","has-post-thumbnail","hentry","category-dnevi-dejavnosti-2-triada","category-dogajanje"],"_links":{"self":[{"href":"https:\/\/sola-poljane.splet.arnes.si\/index.php?rest_route=\/wp\/v2\/posts\/29249","targetHints":{"allow":["GET"]}}],"collection":[{"href":"https:\/\/sola-poljane.splet.arnes.si\/index.php?rest_route=\/wp\/v2\/posts"}],"about":[{"href":"https:\/\/sola-poljane.splet.arnes.si\/index.php?rest_route=\/wp\/v2\/types\/post"}],"author":[{"embeddable":true,"href":"https:\/\/sola-poljane.splet.arnes.si\/index.php?rest_route=\/wp\/v2\/users\/56163"}],"replies":[{"embeddable":true,"href":"https:\/\/sola-poljane.splet.arnes.si\/index.php?rest_route=%2Fwp%2Fv2%2Fcomments&post=29249"}],"version-history":[{"count":4,"href":"https:\/\/sola-poljane.splet.arnes.si\/index.php?rest_route=\/wp\/v2\/posts\/29249\/revisions"}],"predecessor-version":[{"id":29277,"href":"https:\/\/sola-poljane.splet.arnes.si\/index.php?rest_route=\/wp\/v2\/posts\/29249\/revisions\/29277"}],"wp:featuredmedia":[{"embeddable":true,"href":"https:\/\/sola-poljane.splet.arnes.si\/index.php?rest_route=\/wp\/v2\/media\/29279"}],"wp:attachment":[{"href":"https:\/\/sola-poljane.splet.arnes.si\/index.php?rest_route=%2Fwp%2Fv2%2Fmedia&parent=29249"}],"wp:term":[{"taxonomy":"category","embeddable":true,"href":"https:\/\/sola-poljane.splet.arnes.si\/index.php?rest_route=%2Fwp%2Fv2%2Fcategories&post=29249"},{"taxonomy":"post_tag","embeddable":true,"href":"https:\/\/sola-poljane.splet.arnes.si\/index.php?rest_route=%2Fwp%2Fv2%2Ftags&post=29249"}],"curies":[{"name":"wp","href":"https:\/\/api.w.org\/{rel}","templated":true}]}}